{"id":80,"date":"2024-11-26T00:40:12","date_gmt":"2024-11-25T22:40:12","guid":{"rendered":"https:\/\/blogs.uwasa.fi\/tfk2023atunivaasa\/?p=80"},"modified":"2024-12-02T00:46:46","modified_gmt":"2024-12-01T22:46:46","slug":"equity-and-responsibility-rethinking-social-contracts-in-a-changing-climate","status":"publish","type":"post","link":"https:\/\/blogs.uwasa.fi\/tfk2023atunivaasa\/2024\/11\/26\/equity-and-responsibility-rethinking-social-contracts-in-a-changing-climate\/","title":{"rendered":"Equity and Responsibility: Rethinking Social Contracts in a Changing Climate"},"content":{"rendered":"<p><em>Written by Rumy Narayan, Post-Doctoral Researcher at the University of Vaasa, Finland, who visited the PUCP, Peru, autumn 2024\u00a0<\/em><\/p>\n<p>The opportunity to travel to Peru arose through the TFK 2023 project. During the trip, as I engaged with local people and heard their stories, a new social narrative began to emerge. This narrative illuminated how communities can redefine social contracts by aligning decision-making power and accountability directly with those facing local challenges. Since it\u2019s impossible to capture all experiences in a single post, I will focus on one that sparked particularly profound reflections.<\/p>\n<p><img loading=\"lazy\" decoding=\"async\" class=\"size-full wp-image-83 alignleft\" src=\"https:\/\/blogs.uwasa.fi\/tfk2023atunivaasa\/wp-content\/blogs.dir\/6\/files\/sites\/226\/2024\/12\/img-4820-rotated.jpg\" alt=\"\" width=\"240\" height=\"320\" srcset=\"https:\/\/blogs.uwasa.fi\/tfk2023atunivaasa\/wp-content\/blogs.dir\/6\/files\/sites\/226\/2024\/12\/img-4820-rotated.jpg 240w, https:\/\/blogs.uwasa.fi\/tfk2023atunivaasa\/wp-content\/blogs.dir\/6\/files\/sites\/226\/2024\/12\/img-4820-225x300.jpg 225w\" sizes=\"(max-width: 240px) 100vw, 240px\" \/>Our journey began with a meeting in Cusco, where we spoke with agricultural experts and technologists. They explained how they are adapting ancient Inka agricultural practices and technologies to meet modern community needs, particularly in addressing climate risks. While this approach addresses global issues, such as climate change, it is deeply rooted in local values and traditions. As they spoke, it became clear that their conceptualization of democracy and decision-making processes in implementing these practices were distinctly local, tailored to the specific needs and conditions of Peruvian communities.<\/p>\n<p>One of the Finnish students in our group raised a question about the democratic processes involved in persuading local communities to participate in these initiatives. A Peruvian scientist responded by highlighting that their approach rests on a general scientific consensus about climate threats; however, the responses are locally determined. At the heart of their democratic processes is an understanding that democracy requires participants to achieve a shared literacy on foundational issues. This consensus is cultivated through trust\u2014a vital component, as knowledge is inherently distributed across society. No single entity can possess complete expertise, so responsibilities are allocated to those best equipped to address specific aspects. This is the foundation of the social contract that allows firms, for instance, to claim profits as they contribute to society\u2019s well-being and stability, a concept explored in depth by researchers like <a href=\"https:\/\/doi.org\/10.1002\/wcc.549\">Blackburn &amp; Pelling (2018<\/a>).<\/p>\n<p><img loading=\"lazy\" decoding=\"async\" class=\"alignnone size-large wp-image-84\" src=\"https:\/\/blogs.uwasa.fi\/tfk2023atunivaasa\/wp-content\/blogs.dir\/6\/files\/sites\/226\/2024\/12\/local-crafts-1024x450.jpg\" alt=\"\" width=\"640\" height=\"281\" srcset=\"https:\/\/blogs.uwasa.fi\/tfk2023atunivaasa\/wp-content\/blogs.dir\/6\/files\/sites\/226\/2024\/12\/local-crafts-1024x450.jpg 1024w, https:\/\/blogs.uwasa.fi\/tfk2023atunivaasa\/wp-content\/blogs.dir\/6\/files\/sites\/226\/2024\/12\/local-crafts-300x132.jpg 300w, https:\/\/blogs.uwasa.fi\/tfk2023atunivaasa\/wp-content\/blogs.dir\/6\/files\/sites\/226\/2024\/12\/local-crafts-768x338.jpg 768w, https:\/\/blogs.uwasa.fi\/tfk2023atunivaasa\/wp-content\/blogs.dir\/6\/files\/sites\/226\/2024\/12\/local-crafts.jpg 1182w\" sizes=\"(max-width: 640px) 100vw, 640px\" \/><\/p>\n<p>The Finnish student\u2019s question reflects a challenge to this social contract, a signal that somewhere along the way, tacit trust in decision-making structures may be eroding. The question is rooted in the growing resistance to top-down policies globally, where individuals increasingly feel unseen and their concerns unaddressed. Perhaps the social contract that enabled industrial growth and prosperity now requires rethinking, as the effects of industrialization have brought both benefits and significant social strain. A <a href=\"https:\/\/www.mckinsey.com\/industries\/social-sector\/our-insights\/the-social-contract-in-the-21st-century\">McKinsey report<\/a> on the social contract in the 21st century, for example, reveals that while employment opportunities have expanded, wage stagnation and work polarization impact roughly 500 million people across 22 countries. While discretionary goods have become more affordable, essential needs like housing, healthcare, and education consume an ever-larger share of household income, further challenging the existing social contract.<\/p>\n<p>Although I don\u2019t claim to be an expert on Peru, the local responses to shared problems provided a glimpse of what a new social contract could look like. Such a contract would integrate economic and environmental dimensions to foster a balanced approach to equity, responsibility, and resilience. By acknowledging the interconnectedness of economic stability and environmental sustainability, this evolving contract would promote governance structures that can respond adaptively to the dual challenges of climate change and economic shifts driven by technology and globalization.<\/p>\n<p>This vision implies the need for multiple social contracts, tailored to reflect diverse and changing community needs, particularly around environmental risk distribution and adaptive governance. Such a contract would champion economic security, creating systems that allow individuals to meet their needs as workers, consumers, and savers without excessive individual burden. It points to a dynamic social contract that not only advances sustainable development but also builds resilience by distributing both environmental and economic responsibilities fairly across society, promoting equitable governance and long-term stability.<\/p>\n<h2>Acknowledgement<\/h2>\n<p>This visit was part of a collaborative project \u201cEducation for sustainable internationalisation of a firm (ESGinMNC)\u201d uniting the PUCP and the University of Vaasa. The project was funded by by the Finnish National Agency of Education, TFK 2023. This project has been coordinated by <a href=\"https:\/\/www.uwasa.fi\/en\/person\/1082312\">Au\u0161rin\u0117 \u0160ilenskyt\u0117<\/a>, Program manager and researcher at the University of Vaasa, Finland.<\/p>\n","protected":false},"excerpt":{"rendered":"<p>Written by Rumy Narayan, Post-Doctoral Researcher at the University of Vaasa, Finland, who visited the PUCP, Peru, autumn 2024\u00a0 The opportunity to travel to Peru arose through the TFK 2023 project. During the trip, as I engaged with local people and heard their stories, a new social narrative began to emerge. This narrative illuminated how [&hellip;]<\/p>\n","protected":false},"author":556,"featured_media":82,"comment_status":"open","ping_status":"open","sticky":false,"template":"","format":"standard","meta":{"_acf_changed":false,"footnotes":""},"categories":[2,3],"tags":[],"class_list":["post-80","post","type-post","status-publish","format-standard","has-post-thumbnail","hentry","category-faculty-visit","category-study-abroad-trip"],"acf":[],"post_meta":"<span class=\"author\"> <span class=\"vcard\"><a class=\"url fn n\" href=\"https:\/\/blogs.uwasa.fi\/tfk2023atunivaasa\/author\/asilensk\/\">Ausrine Silenskyte<\/a><\/span><\/span><span class=\"posted-on\"><a href=\"https:\/\/blogs.uwasa.fi\/tfk2023atunivaasa\/2024\/11\/26\/equity-and-responsibility-rethinking-social-contracts-in-a-changing-climate\/\" rel=\"bookmark\"><time class=\"entry-date published updated\" datetime=\"2024-11-26T00:40:12+02:00\">26.11.2024<\/time><\/a><\/span>","post_categories":"<span class=\"entry-categories cat-links\"><a href=\"https:\/\/blogs.uwasa.fi\/tfk2023atunivaasa\/category\/faculty-visit\/\" rel=\"category tag\">Faculty visit<\/a> <a href=\"https:\/\/blogs.uwasa.fi\/tfk2023atunivaasa\/category\/study-abroad-trip\/\" rel=\"category tag\">Study abroad trip<\/a><\/span>","post_thumbnail":"<a href=\"https:\/\/blogs.uwasa.fi\/tfk2023atunivaasa\/2024\/11\/26\/equity-and-responsibility-rethinking-social-contracts-in-a-changing-climate\/\"><img width=\"240\" height=\"232\" src=\"https:\/\/blogs.uwasa.fi\/tfk2023atunivaasa\/wp-content\/blogs.dir\/6\/files\/sites\/226\/2024\/12\/img-4952-rotated-e1733093196161.jpg\" class=\"attachment-banner-wide-640 size-banner-wide-640 wp-post-image\" alt=\"\" decoding=\"async\" loading=\"lazy\" \/><\/a>","_links":{"self":[{"href":"https:\/\/blogs.uwasa.fi\/tfk2023atunivaasa\/wp-json\/wp\/v2\/posts\/80"}],"collection":[{"href":"https:\/\/blogs.uwasa.fi\/tfk2023atunivaasa\/wp-json\/wp\/v2\/posts"}],"about":[{"href":"https:\/\/blogs.uwasa.fi\/tfk2023atunivaasa\/wp-json\/wp\/v2\/types\/post"}],"author":[{"embeddable":true,"href":"https:\/\/blogs.uwasa.fi\/tfk2023atunivaasa\/wp-json\/wp\/v2\/users\/556"}],"replies":[{"embeddable":true,"href":"https:\/\/blogs.uwasa.fi\/tfk2023atunivaasa\/wp-json\/wp\/v2\/comments?post=80"}],"version-history":[{"count":2,"href":"https:\/\/blogs.uwasa.fi\/tfk2023atunivaasa\/wp-json\/wp\/v2\/posts\/80\/revisions"}],"predecessor-version":[{"id":85,"href":"https:\/\/blogs.uwasa.fi\/tfk2023atunivaasa\/wp-json\/wp\/v2\/posts\/80\/revisions\/85"}],"wp:featuredmedia":[{"embeddable":true,"href":"https:\/\/blogs.uwasa.fi\/tfk2023atunivaasa\/wp-json\/wp\/v2\/media\/82"}],"wp:attachment":[{"href":"https:\/\/blogs.uwasa.fi\/tfk2023atunivaasa\/wp-json\/wp\/v2\/media?parent=80"}],"wp:term":[{"taxonomy":"category","embeddable":true,"href":"https:\/\/blogs.uwasa.fi\/tfk2023atunivaasa\/wp-json\/wp\/v2\/categories?post=80"},{"taxonomy":"post_tag","embeddable":true,"href":"https:\/\/blogs.uwasa.fi\/tfk2023atunivaasa\/wp-json\/wp\/v2\/tags?post=80"}],"curies":[{"name":"wp","href":"https:\/\/api.w.org\/{rel}","templated":true}]}}