{"id":141,"date":"2019-11-07T20:56:55","date_gmt":"2019-11-07T18:56:55","guid":{"rendered":"https:\/\/midgard.uwasa.fi\/fi\/midcom-permalink-1ea01905df5bfc4019011ea8172258cad1857b457b4"},"modified":"2020-04-06T19:25:34","modified_gmt":"2020-04-06T16:25:34","slug":"monien-mahdollisuuksien-avaruus","status":"publish","type":"post","link":"https:\/\/blogs.uwasa.fi\/johtoajatus\/monien-mahdollisuuksien-avaruus\/","title":{"rendered":"Monien mahdollisuuksien avaruus"},"content":{"rendered":"<div class=\"abstract\">Vaasan yliopisto tuo kest\u00e4v\u00e4\u00e4 avaruustaloutta ja sen uusia liiketoimintamahdollisuuksia Merenkurkkuun.<\/div>\n<p>Syyskuussa 2019 Vaasan yliopisto alkoi kurkotella t\u00e4htiin konkreettisemmin kuin koskaan aikaisemmin.<\/p>\n<p>Yliopisto koordinoi Kvarken New Space Digital Economy Innovation Center eli <a href=\"https:\/\/midgard.uwasa.fi\/fi\/research\/popularisation\/projects\/kvarkenspaceeco\/\">KvarkenSpaceEco<\/a>-hanketta, joka l\u00e4hti k\u00e4yntiin kymmenen osapuolen voimin Suomesta ja Ruotsista. Hankkeessa rakennetaan avaruusliiketoiminnan osaamiskeskittym\u00e4, joka tukee uuden, avaruusdataa hy\u00f6dynt\u00e4v\u00e4n liiketoiminnan kehitt\u00e4mist\u00e4. Hanketta rahoitetaan EU:n Interreg Botnia Atlantica -ohjelmasta, ja sen budjetti liki kolmelle vuodelle on 1,86 miljoonaa euroa.<\/p>\n<p>Sek\u00e4 Suomen ett\u00e4 Ruotsin valtionhallinnoilla on suuret suunnitelmat hy\u00f6dynt\u00e4\u00e4 avaruusdataa kest\u00e4v\u00e4sti ja tehostaa siihen liittyv\u00e4\u00e4 palveluliiketoimintaa. Merenkurkun alueella onkin ainutlaatuinen mahdollisuus yhdist\u00e4\u00e4 Suomen ja Ruotsin vahvuudet ja saada synergiaetuja molempien maiden yhteistoiminnasta.<\/p>\n<p>Hankkeessa ovat Vaasan yliopiston lis\u00e4ksi mukana Yrkesh\u00f6gskolan Novia, Uumajan yliopisto, Luulajan teknillinen yliopisto, MUOVA (VAMK), \u00c5bo Akademi, Hanken, Institutet f\u00f6r rymdfysik IRF, Ruotsin maataloustieteellinen yliopisto SLU ja Aalto yliopisto.<\/p>\n<p>&nbsp;<\/p>\n<h4><strong>UUSI AVARUUS EI KUULU VAIN VALTIOILLE<\/strong><\/h4>\n<p>Avaruusdatan k\u00e4ytt\u00f6 on arkip\u00e4iv\u00e4istym\u00e4ss\u00e4 ja sit\u00e4 hy\u00f6dynnet\u00e4\u00e4n jo muun muassa paikannuksessa, tietoliikenteess\u00e4, kartoituksessa, s\u00e4\u00e4palveluissa, muutostulkinnassa ja erilaisissa monitorointisovelluksissa.<\/p>\n<p>T\u00e4rke\u00e4\u00e4 se on esimerkiksi ilmastonmuutoksen seurannassa, liikenteen ja peltoalueiden seurannassa, mets\u00e4taloudessa, merenkulun seurannassa ja vesist\u00f6jen lev\u00e4tilanteen tai j\u00e4\u00e4tilanteen havainnoinnissa. Avaruusteollisuuden viimeaikojen kehityssuuntaus mahdollistaa paljon aiempaa edullisempien ratkaisujen toteuttamisen.<\/p>\n<p>T\u00e4m\u00e4 \u201duusi avaruus\u201d tarkoittaakin yh\u00e4 useampien saavutettavissa olevaa avaruusliiketoimintaa \u2013 ei en\u00e4\u00e4 pelk\u00e4st\u00e4\u00e4n valtiollisia, isoja missioita vaan yh\u00e4 enemm\u00e4n kaupallista palvelua. Kaupallisia piensatelliitteja laukaistaan yh\u00e4 enemm\u00e4n, ja niiden kautta tulee saataville monimuotoista tietoa maasta sek\u00e4 muun muassa parempia tietoliikennepalveluita. Euroopan komissio on lis\u00e4ksi viime vuosina investoinut miljardeja paikannuksen Galileo- ja kaukokartoituksen Copernicus -ohjelmiin tarjoten avointa avaruusdataa.<\/p>\n<p>&nbsp;<\/p>\n<h4><strong>EDELL\u00c4K\u00c4VIJ\u00c4KSI KEST\u00c4V\u00c4SS\u00c4 AVARUUSTALOUDESSA<\/strong><\/h4>\n<p>Suomessa tuli vuoden 2018 alkupuolella voimaan laki avaruustoiminnasta. Se antoi Suomelle selke\u00e4t puitteet valmistautua uuden avaruuden mahdollistamaan kukoistavaan avaruustoimintaan.<\/p>\n<p>Ruotsi p\u00e4ivitti \u00e4skett\u00e4in avaruusstrategiaansa Ruotsin kansallisen avaruusj\u00e4rjest\u00f6n toimesta korostaen aiempaa enemm\u00e4n uutta avaruustaloutta. Koska ruotsalainen teollisuus on osallistunut aktiivisemmin \u201dvanhaan avaruuteen\u201d eli suuriin avaruusmissioihin, on siell\u00e4 Suomea enemm\u00e4n avaruusteknologian yrityksi\u00e4. Ruotsi on my\u00f6s panostanut kasvaneeseen Esrange-avaruuskeskukseensa Pohjois-Ruotsissa Kiirunassa.<\/p>\n<p>Suomessa avaruustoiminnan painopiste on pitk\u00e4\u00e4n ollut avaruustutkimuksessa ja kaukokartoituksessa. Lis\u00e4ksi teollisuutemme on osallistunut pienemm\u00e4ss\u00e4 mittakaavassa kansainv\u00e4lisiin avaruusmissioihin. Suomeen on 2018 perustettu Suomen Akatemian rahoittama Kest\u00e4v\u00e4n avaruustieteen ja -tekniikan huippuyksikk\u00f6, joka kokoaa yhteen Suomen kansainv\u00e4lisen huippututkimuksen ja -osaamisen avaruusfysiikassa ja avaruusromussa. Painopisteen\u00e4 on avaruuden kest\u00e4v\u00e4 hy\u00f6tyk\u00e4ytt\u00f6. Yksik\u00f6ss\u00e4 ovat mukana Helsingin yliopisto, Aalto-yliopisto, Turun yliopisto sek\u00e4 Ilmatieteenlaitos. Huippuyksik\u00f6n avulla Suomella on mahdollisuus tulla edell\u00e4k\u00e4vij\u00e4ksi kest\u00e4v\u00e4ss\u00e4 avaruustaloudessa.<\/p>\n<p>&nbsp;<\/p>\n<h4><strong>OMA PIENSATELLIITTI JA AVARUUSDATAN VASTAANOTTOASEMA<\/strong><\/h4>\n<p>KvarkenSpaceEco-hankkeen tavoitteena on, ett\u00e4 Merenkurkun alue pystyy osallistumaan uusiin avaruustaloudellisiin toimiin, ymm\u00e4rt\u00e4\u00e4 uusimmat tekniikat sek\u00e4 on valmis niiden toteuttamiseen ja kest\u00e4v\u00e4\u00e4n hy\u00f6dynt\u00e4miseen.<\/p>\n<p>Hankkeen jakaman tiedon avulla alueelliset yritykset saadaan tasolle, jota tarvitaan omien avaruusliiketoimintaprosessien itsen\u00e4iseen hallintaan. Tarkoituksena on toteuttaa demonstraatiohankkeina KvarkenSat-piensatelliitti sek\u00e4 pienimuotoinen avaruusdatan vastaanottoasema Vaasan yliopistolle.<\/p>\n<p>KvarkenSat tulee olemaan kaukokartoituksen teknologiademonstraatiosatelliitti ja se on tarkoitus laukaista Ruotsin avaruuskeskuksesta Kiirunasta loppuvuonna 2022. Vaasan yliopistolle ollaan jo rakentamassa avaruusdatan vastaanottoasemaa avoimen datan vastaanottoon ja jakamiseen sek\u00e4 KvarkenSat-piensatelliitin hallintaan.<\/p>\n<p>KvarkenSpaceEco-hankkeessa korostetaan kest\u00e4v\u00e4n avaruustalouden t\u00e4rkeytt\u00e4. Hankkeen tavoitteena on aikaansaada maailmanlaajuisesti merkitt\u00e4v\u00e4\u00e4 vaikuttavuutta yhdess\u00e4 sidosryhmien kanssa. Tarkoitus on tutkia ja kehitt\u00e4\u00e4 uuden avaruuden tarjoamasta datasta sovelluksia, palveluita, teknologioita, innovoida parempia ratkaisuja ja j\u00e4rjestelmi\u00e4, tarkkailla maapallomme muutoksia, inspiroida, kouluttaa ja opettaa.<\/p>\n<p><strong>Heidi Kuusniemi<\/strong><br \/>\nJohtaja, Vaasan yliopiston Digital Economy -tutkimusalusta, professori<\/p>\n<p><a href=\"http:\/\/www.kvarkenspacecenter.org\/\">Kvarken Space Centerin sivut<\/a><\/p>\n","protected":false},"excerpt":{"rendered":"<p>Vaasan yliopisto tuo kest\u00e4v\u00e4\u00e4 avaruustaloutta ja sen uusia liiketoimintamahdollisuuksia Merenkurkkuun. Syyskuussa 2019 Vaasan yliopisto alkoi kurkotella t\u00e4htiin konkreettisemmin kuin koskaan aikaisemmin. Yliopisto koordinoi Kvarken New Space Digital Economy Innovation Center eli KvarkenSpaceEco-hanketta, joka l\u00e4hti k\u00e4yntiin kymmenen osapuolen voimin Suomesta ja Ruotsista. Hankkeessa rakennetaan avaruusliiketoiminnan osaamiskeskittym\u00e4, joka tukee uuden, avaruusdataa hy\u00f6dynt\u00e4v\u00e4n liiketoiminnan kehitt\u00e4mist\u00e4. Hanketta rahoitetaan EU:n [&hellip;]<\/p>\n","protected":false},"author":30,"featured_media":223,"comment_status":"open","ping_status":"open","sticky":false,"template":"","format":"standard","meta":{"_acf_changed":false,"footnotes":""},"categories":[1],"tags":[],"class_list":["post-141","post","type-post","status-publish","format-standard","has-post-thumbnail","hentry","category-yleinen"],"acf":[],"yoast_head":"<!-- This site is optimized with the Yoast SEO plugin v23.6 - https:\/\/yoast.com\/wordpress\/plugins\/seo\/ -->\n<title>Monien mahdollisuuksien avaruus - Johtoajatus<\/title>\n<meta name=\"robots\" content=\"index, follow, max-snippet:-1, max-image-preview:large, max-video-preview:-1\" \/>\n<link rel=\"canonical\" href=\"https:\/\/blogs.uwasa.fi\/johtoajatus\/monien-mahdollisuuksien-avaruus\/\" \/>\n<meta property=\"og:locale\" content=\"fi_FI\" \/>\n<meta property=\"og:type\" content=\"article\" \/>\n<meta property=\"og:title\" content=\"Monien mahdollisuuksien avaruus - Johtoajatus\" \/>\n<meta property=\"og:description\" content=\"Vaasan yliopisto tuo kest\u00e4v\u00e4\u00e4 avaruustaloutta ja sen uusia liiketoimintamahdollisuuksia Merenkurkkuun. Syyskuussa 2019 Vaasan yliopisto alkoi kurkotella t\u00e4htiin konkreettisemmin kuin koskaan aikaisemmin. Yliopisto koordinoi Kvarken New Space Digital Economy Innovation Center eli KvarkenSpaceEco-hanketta, joka l\u00e4hti k\u00e4yntiin kymmenen osapuolen voimin Suomesta ja Ruotsista. Hankkeessa rakennetaan avaruusliiketoiminnan osaamiskeskittym\u00e4, joka tukee uuden, avaruusdataa hy\u00f6dynt\u00e4v\u00e4n liiketoiminnan kehitt\u00e4mist\u00e4. Hanketta rahoitetaan EU:n [&hellip;]\" \/>\n<meta property=\"og:url\" content=\"https:\/\/blogs.uwasa.fi\/johtoajatus\/monien-mahdollisuuksien-avaruus\/\" \/>\n<meta property=\"og:site_name\" content=\"Johtoajatus\" \/>\n<meta property=\"article:published_time\" content=\"2019-11-07T18:56:55+00:00\" \/>\n<meta property=\"article:modified_time\" content=\"2020-04-06T16:25:34+00:00\" \/>\n<meta property=\"og:image\" content=\"https:\/\/blogs.uwasa.fi\/johtoajatus\/wp-content\/blogs.dir\/6\/files\/sites\/71\/2019\/11\/heidi-kuusniemi-kuva-ilmastofestari.jpg\" \/>\n\t<meta property=\"og:image:width\" content=\"622\" \/>\n\t<meta property=\"og:image:height\" content=\"415\" \/>\n\t<meta property=\"og:image:type\" content=\"image\/jpeg\" \/>\n<meta name=\"author\" content=\"Verkkotoimitus\" \/>\n<meta name=\"twitter:card\" content=\"summary_large_image\" \/>\n<meta name=\"twitter:label1\" content=\"Kirjoittanut\" \/>\n\t<meta name=\"twitter:data1\" content=\"Verkkotoimitus\" \/>\n\t<meta name=\"twitter:label2\" content=\"Arvioitu lukuaika\" \/>\n\t<meta name=\"twitter:data2\" content=\"3 minuuttia\" \/>\n<script type=\"application\/ld+json\" class=\"yoast-schema-graph\">{\"@context\":\"https:\/\/schema.org\",\"@graph\":[{\"@type\":\"WebPage\",\"@id\":\"https:\/\/blogs.uwasa.fi\/johtoajatus\/monien-mahdollisuuksien-avaruus\/\",\"url\":\"https:\/\/blogs.uwasa.fi\/johtoajatus\/monien-mahdollisuuksien-avaruus\/\",\"name\":\"Monien mahdollisuuksien avaruus - Johtoajatus\",\"isPartOf\":{\"@id\":\"https:\/\/blogs.uwasa.fi\/johtoajatus\/#website\"},\"primaryImageOfPage\":{\"@id\":\"https:\/\/blogs.uwasa.fi\/johtoajatus\/monien-mahdollisuuksien-avaruus\/#primaryimage\"},\"image\":{\"@id\":\"https:\/\/blogs.uwasa.fi\/johtoajatus\/monien-mahdollisuuksien-avaruus\/#primaryimage\"},\"thumbnailUrl\":\"https:\/\/blogs.uwasa.fi\/johtoajatus\/wp-content\/blogs.dir\/6\/files\/sites\/71\/2019\/11\/heidi-kuusniemi-kuva-ilmastofestari.jpg\",\"datePublished\":\"2019-11-07T18:56:55+00:00\",\"dateModified\":\"2020-04-06T16:25:34+00:00\",\"author\":{\"@id\":\"https:\/\/blogs.uwasa.fi\/johtoajatus\/#\/schema\/person\/319e1845d73682bca6fa1ab8c4abe593\"},\"breadcrumb\":{\"@id\":\"https:\/\/blogs.uwasa.fi\/johtoajatus\/monien-mahdollisuuksien-avaruus\/#breadcrumb\"},\"inLanguage\":\"fi\",\"potentialAction\":[{\"@type\":\"ReadAction\",\"target\":[\"https:\/\/blogs.uwasa.fi\/johtoajatus\/monien-mahdollisuuksien-avaruus\/\"]}]},{\"@type\":\"ImageObject\",\"inLanguage\":\"fi\",\"@id\":\"https:\/\/blogs.uwasa.fi\/johtoajatus\/monien-mahdollisuuksien-avaruus\/#primaryimage\",\"url\":\"https:\/\/blogs.uwasa.fi\/johtoajatus\/wp-content\/blogs.dir\/6\/files\/sites\/71\/2019\/11\/heidi-kuusniemi-kuva-ilmastofestari.jpg\",\"contentUrl\":\"https:\/\/blogs.uwasa.fi\/johtoajatus\/wp-content\/blogs.dir\/6\/files\/sites\/71\/2019\/11\/heidi-kuusniemi-kuva-ilmastofestari.jpg\",\"width\":622,\"height\":415},{\"@type\":\"BreadcrumbList\",\"@id\":\"https:\/\/blogs.uwasa.fi\/johtoajatus\/monien-mahdollisuuksien-avaruus\/#breadcrumb\",\"itemListElement\":[{\"@type\":\"ListItem\",\"position\":1,\"name\":\"Home\",\"item\":\"https:\/\/blogs.uwasa.fi\/johtoajatus\/\"},{\"@type\":\"ListItem\",\"position\":2,\"name\":\"Monien mahdollisuuksien avaruus\"}]},{\"@type\":\"WebSite\",\"@id\":\"https:\/\/blogs.uwasa.fi\/johtoajatus\/#website\",\"url\":\"https:\/\/blogs.uwasa.fi\/johtoajatus\/\",\"name\":\"Johtoajatus\",\"description\":\"Johtoajatus tuo Vaasan yliopiston n\u00e4k\u00f6kulman yliopistomaailman ajankohtaisiin ilmi\u00f6ihin. Kirjoittajina vuorottelevat rehtori, dekaanit sek\u00e4 hallinnon edustajat.\",\"potentialAction\":[{\"@type\":\"SearchAction\",\"target\":{\"@type\":\"EntryPoint\",\"urlTemplate\":\"https:\/\/blogs.uwasa.fi\/johtoajatus\/?s={search_term_string}\"},\"query-input\":{\"@type\":\"PropertyValueSpecification\",\"valueRequired\":true,\"valueName\":\"search_term_string\"}}],\"inLanguage\":\"fi\"},{\"@type\":\"Person\",\"@id\":\"https:\/\/blogs.uwasa.fi\/johtoajatus\/#\/schema\/person\/319e1845d73682bca6fa1ab8c4abe593\",\"name\":\"Verkkotoimitus\",\"image\":{\"@type\":\"ImageObject\",\"inLanguage\":\"fi\",\"@id\":\"https:\/\/blogs.uwasa.fi\/johtoajatus\/#\/schema\/person\/image\/\",\"url\":\"https:\/\/secure.gravatar.com\/avatar\/098d26568df95bfc2c21200c7ef07951?s=96&d=mm&r=g\",\"contentUrl\":\"https:\/\/secure.gravatar.com\/avatar\/098d26568df95bfc2c21200c7ef07951?s=96&d=mm&r=g\",\"caption\":\"Verkkotoimitus\"},\"url\":\"https:\/\/blogs.uwasa.fi\/johtoajatus\/author\/rkalmi\/\"}]}<\/script>\n<!-- \/ Yoast SEO plugin. -->","yoast_head_json":{"title":"Monien mahdollisuuksien avaruus - Johtoajatus","robots":{"index":"index","follow":"follow","max-snippet":"max-snippet:-1","max-image-preview":"max-image-preview:large","max-video-preview":"max-video-preview:-1"},"canonical":"https:\/\/blogs.uwasa.fi\/johtoajatus\/monien-mahdollisuuksien-avaruus\/","og_locale":"fi_FI","og_type":"article","og_title":"Monien mahdollisuuksien avaruus - Johtoajatus","og_description":"Vaasan yliopisto tuo kest\u00e4v\u00e4\u00e4 avaruustaloutta ja sen uusia liiketoimintamahdollisuuksia Merenkurkkuun. Syyskuussa 2019 Vaasan yliopisto alkoi kurkotella t\u00e4htiin konkreettisemmin kuin koskaan aikaisemmin. Yliopisto koordinoi Kvarken New Space Digital Economy Innovation Center eli KvarkenSpaceEco-hanketta, joka l\u00e4hti k\u00e4yntiin kymmenen osapuolen voimin Suomesta ja Ruotsista. Hankkeessa rakennetaan avaruusliiketoiminnan osaamiskeskittym\u00e4, joka tukee uuden, avaruusdataa hy\u00f6dynt\u00e4v\u00e4n liiketoiminnan kehitt\u00e4mist\u00e4. Hanketta rahoitetaan EU:n [&hellip;]","og_url":"https:\/\/blogs.uwasa.fi\/johtoajatus\/monien-mahdollisuuksien-avaruus\/","og_site_name":"Johtoajatus","article_published_time":"2019-11-07T18:56:55+00:00","article_modified_time":"2020-04-06T16:25:34+00:00","og_image":[{"url":"https:\/\/blogs.uwasa.fi\/johtoajatus\/wp-content\/blogs.dir\/6\/files\/sites\/71\/2019\/11\/heidi-kuusniemi-kuva-ilmastofestari.jpg","width":622,"height":415,"type":"image\/jpeg"}],"author":"Verkkotoimitus","twitter_card":"summary_large_image","twitter_misc":{"Kirjoittanut":"Verkkotoimitus","Arvioitu lukuaika":"3 minuuttia"},"schema":{"@context":"https:\/\/schema.org","@graph":[{"@type":"WebPage","@id":"https:\/\/blogs.uwasa.fi\/johtoajatus\/monien-mahdollisuuksien-avaruus\/","url":"https:\/\/blogs.uwasa.fi\/johtoajatus\/monien-mahdollisuuksien-avaruus\/","name":"Monien mahdollisuuksien avaruus - Johtoajatus","isPartOf":{"@id":"https:\/\/blogs.uwasa.fi\/johtoajatus\/#website"},"primaryImageOfPage":{"@id":"https:\/\/blogs.uwasa.fi\/johtoajatus\/monien-mahdollisuuksien-avaruus\/#primaryimage"},"image":{"@id":"https:\/\/blogs.uwasa.fi\/johtoajatus\/monien-mahdollisuuksien-avaruus\/#primaryimage"},"thumbnailUrl":"https:\/\/blogs.uwasa.fi\/johtoajatus\/wp-content\/blogs.dir\/6\/files\/sites\/71\/2019\/11\/heidi-kuusniemi-kuva-ilmastofestari.jpg","datePublished":"2019-11-07T18:56:55+00:00","dateModified":"2020-04-06T16:25:34+00:00","author":{"@id":"https:\/\/blogs.uwasa.fi\/johtoajatus\/#\/schema\/person\/319e1845d73682bca6fa1ab8c4abe593"},"breadcrumb":{"@id":"https:\/\/blogs.uwasa.fi\/johtoajatus\/monien-mahdollisuuksien-avaruus\/#breadcrumb"},"inLanguage":"fi","potentialAction":[{"@type":"ReadAction","target":["https:\/\/blogs.uwasa.fi\/johtoajatus\/monien-mahdollisuuksien-avaruus\/"]}]},{"@type":"ImageObject","inLanguage":"fi","@id":"https:\/\/blogs.uwasa.fi\/johtoajatus\/monien-mahdollisuuksien-avaruus\/#primaryimage","url":"https:\/\/blogs.uwasa.fi\/johtoajatus\/wp-content\/blogs.dir\/6\/files\/sites\/71\/2019\/11\/heidi-kuusniemi-kuva-ilmastofestari.jpg","contentUrl":"https:\/\/blogs.uwasa.fi\/johtoajatus\/wp-content\/blogs.dir\/6\/files\/sites\/71\/2019\/11\/heidi-kuusniemi-kuva-ilmastofestari.jpg","width":622,"height":415},{"@type":"BreadcrumbList","@id":"https:\/\/blogs.uwasa.fi\/johtoajatus\/monien-mahdollisuuksien-avaruus\/#breadcrumb","itemListElement":[{"@type":"ListItem","position":1,"name":"Home","item":"https:\/\/blogs.uwasa.fi\/johtoajatus\/"},{"@type":"ListItem","position":2,"name":"Monien mahdollisuuksien avaruus"}]},{"@type":"WebSite","@id":"https:\/\/blogs.uwasa.fi\/johtoajatus\/#website","url":"https:\/\/blogs.uwasa.fi\/johtoajatus\/","name":"Johtoajatus","description":"Johtoajatus tuo Vaasan yliopiston n\u00e4k\u00f6kulman yliopistomaailman ajankohtaisiin ilmi\u00f6ihin. Kirjoittajina vuorottelevat rehtori, dekaanit sek\u00e4 hallinnon edustajat.","potentialAction":[{"@type":"SearchAction","target":{"@type":"EntryPoint","urlTemplate":"https:\/\/blogs.uwasa.fi\/johtoajatus\/?s={search_term_string}"},"query-input":{"@type":"PropertyValueSpecification","valueRequired":true,"valueName":"search_term_string"}}],"inLanguage":"fi"},{"@type":"Person","@id":"https:\/\/blogs.uwasa.fi\/johtoajatus\/#\/schema\/person\/319e1845d73682bca6fa1ab8c4abe593","name":"Verkkotoimitus","image":{"@type":"ImageObject","inLanguage":"fi","@id":"https:\/\/blogs.uwasa.fi\/johtoajatus\/#\/schema\/person\/image\/","url":"https:\/\/secure.gravatar.com\/avatar\/098d26568df95bfc2c21200c7ef07951?s=96&d=mm&r=g","contentUrl":"https:\/\/secure.gravatar.com\/avatar\/098d26568df95bfc2c21200c7ef07951?s=96&d=mm&r=g","caption":"Verkkotoimitus"},"url":"https:\/\/blogs.uwasa.fi\/johtoajatus\/author\/rkalmi\/"}]}},"post_meta":"<span class=\"author\"> <span class=\"vcard\"><a class=\"url fn n\" href=\"https:\/\/blogs.uwasa.fi\/johtoajatus\/author\/rkalmi\/\">Verkkotoimitus<\/a><\/span><\/span><span class=\"posted-on\"><a href=\"https:\/\/blogs.uwasa.fi\/johtoajatus\/monien-mahdollisuuksien-avaruus\/\" rel=\"bookmark\"><time class=\"entry-date published updated\" datetime=\"2019-11-07T20:56:55+02:00\">07.11.2019<\/time><\/a><\/span>","post_categories":"<span class=\"entry-categories cat-links\"><a href=\"https:\/\/blogs.uwasa.fi\/johtoajatus\/category\/yleinen\/\" rel=\"category tag\">Yleinen<\/a><\/span>","post_thumbnail":"<a href=\"https:\/\/blogs.uwasa.fi\/johtoajatus\/monien-mahdollisuuksien-avaruus\/\"><img width=\"622\" height=\"360\" src=\"https:\/\/blogs.uwasa.fi\/johtoajatus\/wp-content\/blogs.dir\/6\/files\/sites\/71\/2019\/11\/heidi-kuusniemi-kuva-ilmastofestari-622x360.jpg\" class=\"attachment-banner-wide-640 size-banner-wide-640 wp-post-image\" alt=\"\" decoding=\"async\" loading=\"lazy\" \/><\/a>","_links":{"self":[{"href":"https:\/\/blogs.uwasa.fi\/johtoajatus\/wp-json\/wp\/v2\/posts\/141"}],"collection":[{"href":"https:\/\/blogs.uwasa.fi\/johtoajatus\/wp-json\/wp\/v2\/posts"}],"about":[{"href":"https:\/\/blogs.uwasa.fi\/johtoajatus\/wp-json\/wp\/v2\/types\/post"}],"author":[{"embeddable":true,"href":"https:\/\/blogs.uwasa.fi\/johtoajatus\/wp-json\/wp\/v2\/users\/30"}],"replies":[{"embeddable":true,"href":"https:\/\/blogs.uwasa.fi\/johtoajatus\/wp-json\/wp\/v2\/comments?post=141"}],"version-history":[{"count":3,"href":"https:\/\/blogs.uwasa.fi\/johtoajatus\/wp-json\/wp\/v2\/posts\/141\/revisions"}],"predecessor-version":[{"id":222,"href":"https:\/\/blogs.uwasa.fi\/johtoajatus\/wp-json\/wp\/v2\/posts\/141\/revisions\/222"}],"wp:featuredmedia":[{"embeddable":true,"href":"https:\/\/blogs.uwasa.fi\/johtoajatus\/wp-json\/wp\/v2\/media\/223"}],"wp:attachment":[{"href":"https:\/\/blogs.uwasa.fi\/johtoajatus\/wp-json\/wp\/v2\/media?parent=141"}],"wp:term":[{"taxonomy":"category","embeddable":true,"href":"https:\/\/blogs.uwasa.fi\/johtoajatus\/wp-json\/wp\/v2\/categories?post=141"},{"taxonomy":"post_tag","embeddable":true,"href":"https:\/\/blogs.uwasa.fi\/johtoajatus\/wp-json\/wp\/v2\/tags?post=141"}],"curies":[{"name":"wp","href":"https:\/\/api.w.org\/{rel}","templated":true}]}}