{"id":239,"date":"2015-05-28T10:47:09","date_gmt":"2015-05-28T07:47:09","guid":{"rendered":"https:\/\/midgard.uwasa.fi\/fi\/midcom-permalink-1e5050dbe92b0a0050d11e5adc48d8c4c11705a705a"},"modified":"2020-02-28T08:32:45","modified_gmt":"2020-02-28T06:32:45","slug":"sotulointikori-on-edelleen-taynna","status":"publish","type":"post","link":"https:\/\/blogs.uwasa.fi\/halltutk\/2015\/05\/28\/sotulointikori-on-edelleen-taynna\/","title":{"rendered":"Sotulointikori on edelleen t\u00e4ynn\u00e4"},"content":{"rendered":"<div class=\"abstract\">T\u00e4ll\u00e4 kertaa Hallinnon tutkija pohtii t\u00e4m\u00e4n vaalikauden isoja haasteita.<\/div>\n<p>Sen verran eilisen j\u00e4ljilt\u00e4 tiedet\u00e4\u00e4n, ett\u00e4 maakuntamallilla kuulemma l\u00e4hdet\u00e4\u00e4n sotea kehitt\u00e4m\u00e4\u00e4n. Demokraattinen p\u00e4\u00e4t\u00f6ksenteko saataneen, mutta verorahat kiert\u00e4v\u00e4t j\u00e4rjestelm\u00e4\u00e4n muualta. Sit\u00e4 ei viel\u00e4 tiedet\u00e4 mist\u00e4 ne luvatut s\u00e4\u00e4st\u00f6t kaivetaan. Uuden j\u00e4rjestelm\u00e4n synnytt\u00e4minen maksaa aina. Se my\u00f6s maksaa todella paljon jos aikaisempia j\u00e4rjestelmi\u00e4 ei saada viety\u00e4 uuteen j\u00e4rjestelm\u00e4\u00e4n ongelmitta. Siin\u00e4 on kyll\u00e4 haastetta. Aikaisempi sote-historia on synk\u00e4npuoleinen, joten olisi l\u00f6ydett\u00e4v\u00e4 toisenlainen toteutustapa kuin mit\u00e4 on jo huonolla menestyksell\u00e4 kokeiltu. Terveisi\u00e4 vaan sinne kes\u00e4kuun mittaiseen avokonttorisessioon. Tutkijan odotukset ovat korkealla, my\u00f6s negatiiviset sellaiset.<\/p>\n<p>Oikeastaan siell\u00e4 avokonttorissa sotulointikorin \u00e4\u00e4rell\u00e4 olisi nyt kunnallisen itsehallinnon kokoinen kummitus sel\u00e4tett\u00e4v\u00e4n\u00e4. Siihen sotulointikoriin joutuu hallituksen nyt kaavailemalla ratkaisulla niin suuri osa kuntien teht\u00e4vist\u00e4 ja taloudesta, ettei sen lopun s\u00e4ilytt\u00e4minen ennallaan ole mitenk\u00e4\u00e4n j\u00e4rkev\u00e4\u00e4. Huonoin vaihtoehto on sellainen, ett\u00e4 sote-asiat kuoritaan maakunnan uuteen j\u00e4rjestelm\u00e4\u00e4n, mutta kunnat jatkavat itsehallinnon suojissa sill\u00e4 mit\u00e4 j\u00e4i, niin kuin mit\u00e4\u00e4n ei olisi tapahtunut. Pahimmillaan ne jopa yritt\u00e4isiv\u00e4t samaa selviytymiskikkaa kun kunnilta my\u00f6s koulutus mennee jossain vaiheessa maakunnalliseen j\u00e4rjestelm\u00e4\u00e4n. Sellaistahan on nyt mahdollista ennakoida.<\/p>\n<p>Mik\u00e4 on siis kuntien tulevaisuus? Tarvitaanko me ylip\u00e4\u00e4t\u00e4ns\u00e4 kuntia jatkossa oikein mihink\u00e4\u00e4n? Jos tarvitaan, niin mihin? Ja tarvitaanko sote-kuorinnan j\u00e4lkeen nyt kooltaan pieni\u00e4 ja taloudeltaan heikkoja \u201dl\u00e4hikuntia\u201d vai kooltaan suurempia ja taloudeltaan vahvempia \u201det\u00e4kuntia\u201d? Kaikki n\u00e4m\u00e4 ovat kysymyksi\u00e4, joita meid\u00e4n tutkijoiden ei ole varaa j\u00e4tt\u00e4\u00e4 vain politiikkojen keskusteltavaksi. Keskustelu jatkukoon siis, vaikka ihan kohta tuleekin Stubbin ilkkuma professoreiden \u201dkes\u00e4-, hein\u00e4- ja elokuu\u201d.<\/p>\n<p>Esa Hyyryl\u00e4inen<\/p>\n","protected":false},"excerpt":{"rendered":"<p>T\u00e4ll\u00e4 kertaa Hallinnon tutkija pohtii t\u00e4m\u00e4n vaalikauden isoja haasteita. Sen verran eilisen j\u00e4ljilt\u00e4 tiedet\u00e4\u00e4n, ett\u00e4 maakuntamallilla kuulemma l\u00e4hdet\u00e4\u00e4n sotea kehitt\u00e4m\u00e4\u00e4n. Demokraattinen p\u00e4\u00e4t\u00f6ksenteko saataneen, mutta verorahat kiert\u00e4v\u00e4t j\u00e4rjestelm\u00e4\u00e4n muualta. Sit\u00e4 ei viel\u00e4 tiedet\u00e4 mist\u00e4 ne luvatut s\u00e4\u00e4st\u00f6t kaivetaan. Uuden j\u00e4rjestelm\u00e4n synnytt\u00e4minen maksaa aina. Se my\u00f6s maksaa todella paljon jos aikaisempia j\u00e4rjestelmi\u00e4 ei saada viety\u00e4 uuteen j\u00e4rjestelm\u00e4\u00e4n [&hellip;]<\/p>\n","protected":false},"author":56,"featured_media":0,"comment_status":"open","ping_status":"open","sticky":false,"template":"","format":"standard","meta":{"_acf_changed":false,"footnotes":""},"categories":[1],"tags":[],"class_list":["post-239","post","type-post","status-publish","format-standard","hentry","category-yleinen"],"acf":[],"post_meta":"<span class=\"author\"> <span class=\"vcard\"><a class=\"url fn n\" href=\"https:\/\/blogs.uwasa.fi\/halltutk\/author\/ehy\/\">Esa Hyyryl\u00e4inen<\/a><\/span><\/span><span class=\"posted-on\"><a href=\"https:\/\/blogs.uwasa.fi\/halltutk\/2015\/05\/28\/sotulointikori-on-edelleen-taynna\/\" rel=\"bookmark\"><time class=\"entry-date published updated\" datetime=\"2015-05-28T10:47:09+03:00\">28.05.2015<\/time><\/a><\/span>","post_categories":"<span class=\"entry-categories cat-links\"><a href=\"https:\/\/blogs.uwasa.fi\/halltutk\/category\/yleinen\/\" rel=\"category tag\">Yleinen<\/a><\/span>","post_thumbnail":null,"_links":{"self":[{"href":"https:\/\/blogs.uwasa.fi\/halltutk\/wp-json\/wp\/v2\/posts\/239"}],"collection":[{"href":"https:\/\/blogs.uwasa.fi\/halltutk\/wp-json\/wp\/v2\/posts"}],"about":[{"href":"https:\/\/blogs.uwasa.fi\/halltutk\/wp-json\/wp\/v2\/types\/post"}],"author":[{"embeddable":true,"href":"https:\/\/blogs.uwasa.fi\/halltutk\/wp-json\/wp\/v2\/users\/56"}],"replies":[{"embeddable":true,"href":"https:\/\/blogs.uwasa.fi\/halltutk\/wp-json\/wp\/v2\/comments?post=239"}],"version-history":[{"count":1,"href":"https:\/\/blogs.uwasa.fi\/halltutk\/wp-json\/wp\/v2\/posts\/239\/revisions"}],"predecessor-version":[{"id":326,"href":"https:\/\/blogs.uwasa.fi\/halltutk\/wp-json\/wp\/v2\/posts\/239\/revisions\/326"}],"wp:attachment":[{"href":"https:\/\/blogs.uwasa.fi\/halltutk\/wp-json\/wp\/v2\/media?parent=239"}],"wp:term":[{"taxonomy":"category","embeddable":true,"href":"https:\/\/blogs.uwasa.fi\/halltutk\/wp-json\/wp\/v2\/categories?post=239"},{"taxonomy":"post_tag","embeddable":true,"href":"https:\/\/blogs.uwasa.fi\/halltutk\/wp-json\/wp\/v2\/tags?post=239"}],"curies":[{"name":"wp","href":"https:\/\/api.w.org\/{rel}","templated":true}]}}