{"id":9754,"date":"2023-11-01T07:30:47","date_gmt":"2023-11-01T05:30:47","guid":{"rendered":"https:\/\/blogs.uwasa.fi\/ajatusyhteys\/?p=9754"},"modified":"2024-05-30T10:47:10","modified_gmt":"2024-05-30T07:47:10","slug":"eurooppalainen-osaamiskehys","status":"publish","type":"post","link":"https:\/\/blogs.uwasa.fi\/ajatusyhteys\/2023\/11\/01\/eurooppalainen-osaamiskehys\/","title":{"rendered":"Eurooppalainen osaamiskehys"},"content":{"rendered":"<p>Seuraavassa esittelen kest\u00e4v\u00e4\u00e4 kehityst\u00e4 koskevaa eurooppalaista osaamiskehyst\u00e4 (2022). Aloitan sen taustalla olevasta Euroopan vihre\u00e4n kehityksen ohjelmasta (2019). Lopuksi arvioin osaamiskehyksen avaintavoitteen, kest\u00e4v\u00e4n kehityksen kansalaistaitojen, ja suomalaisten yliopistojen hiilineutraaliustavoitteen keskin\u00e4ist\u00e4 t\u00e4rkeysj\u00e4rjestyst\u00e4.<\/p>\n<h4>Euroopan vihre\u00e4n kehityksen ohjelma<\/h4>\n<p>Kenellek\u00e4\u00e4n ei taida tulla yll\u00e4tyksen\u00e4, ett\u00e4 ilmastonmuutos ja ymp\u00e4rist\u00f6n pilaantuminen uhkaavat el\u00e4m\u00e4\u00e4 planeetallamme. Euroopan <a href=\"https:\/\/commission.europa.eu\/strategy-and-policy\/priorities-2019-2024\/european-green-deal_fi\" target=\"_blank\" rel=\"noopener\">Vihre\u00e4n kehityksen ohjelma<\/a> (European Green Deal) t\u00e4ht\u00e4\u00e4 n\u00e4iden uhkien voittamiseen. Ohjelman avulla Euroopan unionista halutaan tehd\u00e4 moderni, resurssitehokas ja kilpailukykyinen. Tavoitteena on hiilineutraalius vuoteen 2050 menness\u00e4. Lis\u00e4ksi halutaan yhdeks\u00e4\u00e4 hyv\u00e4\u00e4 ja kymment\u00e4 kaunista: vauhdittaa taloutta vihre\u00e4n teknologian avulla, luoda kest\u00e4v\u00e4\u00e4 teollisuutta ja liikennett\u00e4 sek\u00e4 v\u00e4hent\u00e4\u00e4 saasteita. Siksi unionin j\u00e4senmaat sitoutuvat <a href=\"https:\/\/commission.europa.eu\/strategy-and-policy\/priorities-2019-2024\/european-green-deal\/delivering-european-green-deal_fi\" target=\"_blank\" rel=\"noopener\">v\u00e4hent\u00e4m\u00e4\u00e4n p\u00e4\u00e4st\u00f6j\u00e4 v\u00e4hint\u00e4\u00e4n 55 prosenttia vuoteen 2030 menness\u00e4<\/a>\u00a0vuoden 1990 tilanteeseen verrattuna.<\/p>\n<p>Vihre\u00e4n kehityksen ohjelma linjaa toiveikkaasti, ett\u00e4 ilmasto- ja ymp\u00e4rist\u00f6haasteiden muuttaminen mahdollisuuksiksi tekee siirtym\u00e4st\u00e4 oikeudenmukaisen ja osallistavan kaikille. Ohjelma lupaa siksi j\u00e4senmaille tukea. Euroopan komissio auttaa j\u00e4senmaita suunnittelemaan ja toteuttamaan uudistuksia, joilla tuetaan vihre\u00e4\u00e4 siirtym\u00e4\u00e4 ja edistet\u00e4\u00e4n vihre\u00e4n kehityksen ohjelman tavoitteiden saavuttamista. Uudistukset koskevat eri teht\u00e4v\u00e4alueita ja ovat l\u00e4pileikkaavia. N\u00e4ihin alueisiin kuuluvat my\u00f6s tutkimus ja koulutus.<\/p>\n<p>Siksi komissio kannustaa j\u00e4senmaita varmistamaan, ett\u00e4 oppijat ja opettajat omaksuvat tietoja, taitoja ja asenteita, joita vihre\u00e4mp\u00e4\u00e4n ja kest\u00e4v\u00e4mp\u00e4\u00e4n yhteiskuntaan ja talouteen siirtyminen vaatii. Komissio kannustaa tukemaan oppilaitoksia kest\u00e4v\u00e4n kehityksen sis\u00e4llytt\u00e4misess\u00e4 opetukseen, oppimiseen ja toimintaan ylip\u00e4\u00e4ns\u00e4. Lis\u00e4ksi <a href=\"https:\/\/education.ec.europa.eu\/fi\/focus-topics\/green-education\/learning-for-the-green-transition\" target=\"_blank\" rel=\"noopener\">komissio rohkaisee sopimaan yhteisesti perustavanlaatuisista muutoksista, joita kest\u00e4v\u00e4\u00e4 kehityst\u00e4 ja vihre\u00e4\u00e4 siirtym\u00e4\u00e4 edist\u00e4v\u00e4 koulutus edellytt\u00e4\u00e4<\/a>.<\/p>\n<p><a href=\"https:\/\/data.consilium.europa.eu\/doc\/document\/ST-9242-2022-INIT\/en\/pdf\" target=\"_blank\" rel=\"noopener\">Euroopan unionin neuvosto antoi kes\u00e4ll\u00e4 2022\u00a0suosituksen vihre\u00e4\u00e4 siirtym\u00e4\u00e4 ja kest\u00e4v\u00e4\u00e4 kehityst\u00e4 koskevasta oppimisesta<\/a>. Suosituksessa kerrotaan, miten kest\u00e4vyys voidaan nivoa osaksi kaikkea koulutusta. Neuvosto kehottaa j\u00e4senmaita nostamaan vihre\u00e4\u00e4 siirtym\u00e4\u00e4 ja kest\u00e4v\u00e4\u00e4 kehityst\u00e4 koskeva oppiminen koulutuspolitiikan ja -ohjelmien keski\u00f6\u00f6n.<\/p>\n<p>Neuvosto kehottaa my\u00f6s tarjoamaan kaikille oppijoille mahdollisuuden omaksua tietoa ilmastokriisist\u00e4. Tietoa voi omaksua sek\u00e4 muodollisen ett\u00e4 ep\u00e4muodollisen oppimisen keinoin. Lis\u00e4ksi neuvosto kehottaa kehitt\u00e4m\u00e4\u00e4n opettajien ilmastonmuutos- ja kest\u00e4vyysosaamista sek\u00e4 tarjoamaan heille keinoja k\u00e4sitell\u00e4 opiskelijoiden ilmastoahdistusta. T\u00e4m\u00e4 on huomionarvoista. Kest\u00e4vyys ei ole vain ymp\u00e4rist\u00f6kysymys, vaan siihen liittyy my\u00f6s ihmisen henkinen hyvinvointi.<\/p>\n<p>Euroopan unionin neuvosto opastaa luomaan kannustavia oppimisymp\u00e4rist\u00f6j\u00e4, joissa kest\u00e4vyys on osa kaikkea oppilaitoksen toimintaa. Opetuksen tulisi olla k\u00e4yt\u00e4nn\u00f6nl\u00e4heist\u00e4, monialaista ja paikallisiin tarpeisiin mukautettua. Siksi neuvosto kannustaa ottamaan opiskelijoiden ja henkil\u00f6st\u00f6n lis\u00e4ksi sidosryhm\u00e4t mukaan kest\u00e4vyytt\u00e4 edist\u00e4v\u00e4\u00e4n koulutukseen. Sidosryhmi\u00e4 ovat esimerkiksi paikallishallinto, nuorisoj\u00e4rjest\u00f6t sek\u00e4 tutkimus- ja innovaatioyhteis\u00f6t.<\/p>\n<h4>GreenComp: kest\u00e4v\u00e4\u00e4 kehityst\u00e4 koskeva eurooppalainen osaamiskehys<\/h4>\n<p>Euroopan vihre\u00e4n kehityksen ohjelmassa esitet\u00e4\u00e4n useita toimenpiteit\u00e4, joiden avulla ymp\u00e4rist\u00f6kest\u00e4vyytt\u00e4 koskevaa oppimista voidaan tukea Euroopan unionissa. Yksi n\u00e4ist\u00e4 toimenpiteist\u00e4 on <a href=\"https:\/\/op.europa.eu\/fi\/publication-detail\/-\/publication\/bc83061d-74ec-11ec-9136-01aa75ed71a1\" target=\"_blank\" rel=\"noopener\">kest\u00e4v\u00e4\u00e4 kehityst\u00e4 koskevan eurooppalaisen osaamiskehyksen (GreenComp)<\/a> kehitt\u00e4minen. Kehys sis\u00e4lt\u00e4\u00e4 ymp\u00e4rist\u00f6kest\u00e4vyyden lis\u00e4ksi my\u00f6s sosiaalisen ja yhteiskunnallisen kest\u00e4vyyden tavoitteita.<\/p>\n<p>GreenComp-osaamiskehyksess\u00e4 m\u00e4\u00e4ritell\u00e4\u00e4n joukko kest\u00e4vyysosaamisen osatekij\u00f6it\u00e4, jotka voidaan yhdist\u00e4\u00e4 eri koulutusohjelmien sis\u00e4lt\u00f6ihin. Kehyksen tavoitteena on ohjata oppijoita omaksumaan sellaisia tietoja, taitoja ja asenteita, jotka edist\u00e4v\u00e4t empaattista, vastuullista ja punnittua ajattelua, suunnittelua ja toimintaa ymp\u00e4rist\u00f6n hyvinvoinnin ja kansanterveyden yll\u00e4pit\u00e4miseksi.<\/p>\n<p>Osaamiskehys linjaa kaksitoista kest\u00e4vyystaitoa, jotka on jaettu nelj\u00e4\u00e4n osaamisalueeseen (ks. Taulukko 1).<\/p>\n<p><strong>Taulukko 1. Kest\u00e4v\u00e4\u00e4 kehityst\u00e4 koskeva eurooppalainen osaamiskehys (GreenComp)<\/strong><\/p>\n<p><img loading=\"lazy\" decoding=\"async\" class=\"alignnone wp-image-9809 size-full\" src=\"https:\/\/blogs.uwasa.fi\/ajatusyhteys\/wp-content\/blogs.dir\/6\/files\/sites\/54\/2023\/10\/kestavan-kehityksen-osaamiskehys.jpg\" alt=\"\" width=\"1430\" height=\"1462\" srcset=\"https:\/\/blogs.uwasa.fi\/ajatusyhteys\/wp-content\/blogs.dir\/6\/files\/sites\/54\/2023\/10\/kestavan-kehityksen-osaamiskehys.jpg 1430w, https:\/\/blogs.uwasa.fi\/ajatusyhteys\/wp-content\/blogs.dir\/6\/files\/sites\/54\/2023\/10\/kestavan-kehityksen-osaamiskehys-293x300.jpg 293w, https:\/\/blogs.uwasa.fi\/ajatusyhteys\/wp-content\/blogs.dir\/6\/files\/sites\/54\/2023\/10\/kestavan-kehityksen-osaamiskehys-1002x1024.jpg 1002w, https:\/\/blogs.uwasa.fi\/ajatusyhteys\/wp-content\/blogs.dir\/6\/files\/sites\/54\/2023\/10\/kestavan-kehityksen-osaamiskehys-768x785.jpg 768w\" sizes=\"(max-width: 1430px) 100vw, 1430px\" \/><\/p>\n<p>GreenCompin tarkoituksena on tarjota oppilaille ja opettajille yhteinen osaamiskehys. Kehys kattaa <a href=\"https:\/\/www.schooleducationgateway.eu\/fi\/pub\/latest\/news\/greencomp.htm\" target=\"_blank\" rel=\"noopener\">kaikenik\u00e4isten oppijoiden kest\u00e4v\u00e4\u00e4 kehityst\u00e4 koskevat tiedot ja taidot kaikissa oppimisymp\u00e4rist\u00f6iss\u00e4, muodollisesta koulutuksesta arkioppimiseen<\/a>.<\/p>\n<p>Eurooppalaisen osaamiskehyksen l\u00e4ht\u00f6kohtana on, ett\u00e4 ilmastonmuutos ja luontokato vaativat v\u00e4litt\u00f6mi\u00e4 toimenpiteit\u00e4. Ne vaativat my\u00f6s pitk\u00e4kestoisia systeemisi\u00e4 muutoksia asenteissa, ajattelutavoissa ja k\u00e4yt\u00e4nteiss\u00e4. Osaamiskehys korostaa, ett\u00e4 koulutuksella on keskeinen rooli k\u00e4ytt\u00e4ytymismallien ja uskomusten muuttamisessa. Siten koulutuksella on t\u00e4rke\u00e4 rooli my\u00f6s oikeudenmukaisen ja kest\u00e4v\u00e4n tulevaisuuden saavuttamisessa.<\/p>\n<p>Osaamiskehyksen mukaan kriittinen ajattelu, empatia, vastuullisuus ja v\u00e4litt\u00e4minen ovat taitoja, joita on edistett\u00e4v\u00e4 koko opetuksen ja oppimisen ajan. T\u00e4llaiset kest\u00e4v\u00e4\u00e4 kehityst\u00e4 koskevat metataidot voivat auttaa eri-ik\u00e4isi\u00e4 oppijoita toteuttamaan kest\u00e4vyyden periaatteita jokap\u00e4iv\u00e4isess\u00e4 el\u00e4m\u00e4ss\u00e4\u00e4n, ymm\u00e4rt\u00e4m\u00e4\u00e4n monimutkaisia j\u00e4rjestelmi\u00e4, toimimaan ja vaatimaan toimia maapallon hyvinvoinnin puolesta sek\u00e4 ryhtym\u00e4\u00e4n itse muutoksen tekij\u00f6iksi.<\/p>\n<p>GreenComp-osaamiskehyst\u00e4 suositellaan k\u00e4ytett\u00e4v\u00e4ksi esimerkiksi opetussuunnitelmien laatimiseen, itsereflektioon sek\u00e4 nykyisten ohjelmien ja toimintapolitiikan kehityksen arviointiin.<\/p>\n<h4>Vihre\u00e4n kehityksen ohjelman suhde osaamiskehykseen<\/h4>\n<p>Euroopan vihre\u00e4n kehityksen ohjelma ja kest\u00e4v\u00e4\u00e4 kehityst\u00e4 koskeva eurooppalainen osaamiskehys t\u00e4ydent\u00e4v\u00e4t toisiaan. Vihre\u00e4 kehitysohjelma antaa puitteet eli yleiset periaatteet osaamiskehyksen tarkemmille tavoitteille.<\/p>\n<p>Vihre\u00e4 kehitysohjelma pyrkii saavuttamaan kest\u00e4vyys- ja ymp\u00e4rist\u00f6tavoitteet eri politiikan aloilla. Osaamiskehys taas auttaa varmistamaan, ett\u00e4 kansalaisilla on kest\u00e4v\u00e4n kehityksen edist\u00e4miseen tarvittavat tiedot ja taidot.<\/p>\n<p>Osaamiskehys antaa suuntaviivoja koulutuksen kehitt\u00e4miselle. Se ohjaa koulutuksen ammattilaisia ja opiskelijoita pohtimaan ja soveltamaan kest\u00e4vyyden ja vastuullisuuden vaatimuksia eri ammateissa. T\u00e4m\u00e4 taas tukee vihre\u00e4n kehitysohjelman tavoitteita ja auttaa varmistamaan, ett\u00e4 kest\u00e4vyysperiaatteet otetaan huomioon kaikilla yhteiskunnan tasoilla ja eri aloilla.<\/p>\n<h4>Yliopistojen teht\u00e4v\u00e4: hiilineutraalius vai tietojen ja taitojen lis\u00e4\u00e4minen?<\/h4>\n<p>Kuten kaikki ihmisen toiminta, my\u00f6s yliopistot ja korkeakoulut tuottavat kasvihuonekaasup\u00e4\u00e4st\u00f6j\u00e4. Ne eiv\u00e4t siis ole p\u00e4\u00e4st\u00f6jen suhteen puhtaita pulmusia.<\/p>\n<p>Annan t\u00e4st\u00e4 esimerkin: Vuonna 2022 Vaasan yliopiston hiilijalanj\u00e4lki oli 4,2 tuhatta tonnia (eli 4,2 miljoonaa kiloa) hiilidioksidiaekvivalentteja kasvihuonekaasuja (Hansel 2023). Se on noin 700 kiloa yliopistolaista, opiskelijaa ja ty\u00f6ntekij\u00e4\u00e4 kohden. Suurin osa p\u00e4\u00e4st\u00f6ist\u00e4 syntyi rakennusten ja kampuksen yll\u00e4pidosta, l\u00e4mm\u00f6n, s\u00e4hk\u00f6n ja veden kulutuksesta. Vertailun vuoksi on hyv\u00e4 tiet\u00e4\u00e4, ett\u00e4 vuonna 2019 Suomen kansantalouden aiheuttamat elinkaariset kasvihuonekaasup\u00e4\u00e4st\u00f6t olivat noin 128 miljoonaa hiilidioksidiekvivalenttitonnia (<a href=\"https:\/\/julkaisut.valtioneuvosto.fi\/bitstream\/handle\/10024\/165085\/VNTEAS_2023_47.pdf?sequence=1&amp;isAllowed=y\" target=\"_blank\" rel=\"noopener\">Salo ym. 2023, 20<\/a>). Vaasan yliopiston osuus t\u00e4st\u00e4 on noin 0,003 prosenttia \u2013 n\u00e4m\u00e4 ovat siis prosentin tuhannesosia. Samana vuonna Suomen hiilijalanj\u00e4lki eli kulutusper\u00e4iset p\u00e4\u00e4st\u00f6t henke\u00e4 kohden olivat noin 13 tonnia (Salo ym. 2023, 21).<\/p>\n<p>Eurooppalainen osaamiskehys suosittaa, ett\u00e4 kest\u00e4v\u00e4n kehityksen kansalaistaitoja lis\u00e4t\u00e4\u00e4n kaikilla koulutusasteilla sek\u00e4 ep\u00e4muodollisessa oppimisessa. T\u00e4m\u00e4 tavoite voidaan rinnastaa toiseen. Suomalaiset yliopistot ovat yhdess\u00e4 sitoutuneet siihen, ett\u00e4 ne ovat hiilineutraaleja vuoteen 2030 menness\u00e4 (Teesi 7; <a href=\"https:\/\/unifi.fi\/wp-content\/uploads\/2020\/11\/Unifi-Kesta%CC%88va%CC%88n-kehityksen-ja-vastuullisuuden-teesit.pdf\" target=\"_blank\" rel=\"noopener\">Unifin teesit kest\u00e4v\u00e4st\u00e4 kehityksest\u00e4 ja vastuullisuudesta<\/a> 2020, 13). Veikkaisin, ett\u00e4 monien, ellei useimpien, kansalaisten mielest\u00e4 eurooppalaisen osaamiskehyksen tavoite on yliopistojen kannalta ensisijaisempi kuin ilmastoaneutraaliutta koskeva 2030-tavoite.<\/p>\n<p>Suomessa voidaan <a href=\"https:\/\/mmm.fi\/metsat\/metsatalous\/metsat-ja-ilmastonmuutos\/metsien-hiilinielut\" target=\"_blank\" rel=\"noopener\">vastuullisella mets\u00e4nhoidolla ja maank\u00e4yt\u00f6ll\u00e4 yll\u00e4pit\u00e4\u00e4 ja vahvistaa koko kansantalouden p\u00e4\u00e4st\u00f6t kompensoivia hiilinieluja<\/a>. Suomi on siis niin onnellisessa asemassa, ett\u00e4 t\u00e4\u00e4ll\u00e4 hiilinielut voisivat ihannetilanteessa kompensoida koko kansantalouden hiilip\u00e4\u00e4st\u00f6t. T\u00e4m\u00e4 ei v\u00e4ltt\u00e4m\u00e4tt\u00e4 tarkoita, ett\u00e4 muissa maissa, joista vastaavat hiilinielut puuttuvat, yliopistoilla on suurempi syy kompensoida omat kasvihuonekaasup\u00e4\u00e4st\u00f6ns\u00e4.<\/p>\n<p>Maissa, joissa ei ole riitt\u00e4v\u00e4sti hiilinieluja, yliopistojen p\u00e4\u00e4st\u00f6t voidaan kansantalouden tuottamien muiden p\u00e4\u00e4st\u00f6jen ohella pyrki\u00e4 kompensoimaan valtion, kuluttajien ja elinkeinoel\u00e4m\u00e4n yhteisvoimin. Kompensaatioita voidaan rahoittaa esimerkiksi verovaroin ja p\u00e4\u00e4st\u00f6maksuilla.<\/p>\n<p>Valtio voi siis ainakin harkita sit\u00e4, ett\u00e4 se kompensoisi yliopistojen puolesta niiden aiheuttamat (suhteellisen v\u00e4h\u00e4iset) kasvihuonekaasup\u00e4\u00e4st\u00f6t korvauksena yhteishyv\u00e4st\u00e4, jota yliopistot tuottavat yhteiskunnalle tutkimus- ja koulutustoiminnallaan. Viimeisimpien tietojen mukaan Suomessakin on tarvetta verovaroin tapahtuvalle yliopistojen p\u00e4\u00e4st\u00f6kompensaatiolle, sill\u00e4 <a href=\"https:\/\/www.stat.fi\/uutinen\/maankayttosektori-ensimmaisen-kerran-paastolahde-vuonna-2021-suomen-kokonaispaastot-pysyivat-edellisvuoden-tasolla#:~:text=Tilastokeskuksen%20julkaiseman%20ja%20Luonnonvarakeskuksen%20laskeman,ja%20korkealla%20tasolla%20toteutuneista%20hakkuista.\" target=\"_blank\" rel=\"noopener\">maank\u00e4ytt\u00f6sektori (eli maank\u00e4ytt\u00f6, maank\u00e4yt\u00f6n muutokset ja mets\u00e4talous) on muuttunut nettonielusta nettop\u00e4\u00e4st\u00f6l\u00e4hteeksi<\/a>.<\/p>\n<p>Jos valtio ei varsinaisen yliopistorahoituksen lis\u00e4ksi verovaroin kompensoi yliopistojen p\u00e4\u00e4st\u00f6j\u00e4, vaan yliopistot joutuvat korvaamaan p\u00e4\u00e4st\u00f6t omista varoistaan (kuten sijoitustuotoista), kompensaatiomaksut ovat pois yliopistojen ydintoiminnasta, tutkimuksesta ja koulutuksesta.<\/p>\n<p>Yliopistojen hiilineutraaliustavoitteesta puhuttaessa tuntuu joskus unohtuvan, ett\u00e4 yliopistot eiv\u00e4t ole fossiilitaloutta tai p\u00e4\u00e4st\u00f6teollisuutta. Toisaalta luonto ei tied\u00e4 eik\u00e4 erota, tuleeko haitta yliopiston kautta vai suoraan esimerkiksi hiilivoimalasta. Molempien toiminta aiheuttaa p\u00e4\u00e4st\u00f6j\u00e4, suoraan tai ep\u00e4suorasti.<\/p>\n<p>V\u00e4h\u00e4ttelem\u00e4tt\u00e4 hiilineutraaliustavoitteen kansallista ja kansainv\u00e4list\u00e4 merkityst\u00e4 v\u00e4it\u00e4n, ett\u00e4 yliopistojen t\u00e4rkein ilmastoteko on omien p\u00e4\u00e4st\u00f6jen v\u00e4ltt\u00e4minen ja v\u00e4hent\u00e4minen sek\u00e4 kest\u00e4v\u00e4\u00e4 kehityst\u00e4 koskeva tutkimus ja koulutus. T\u00e4t\u00e4 perustelee ja siihen ohjaa ja kannustaa my\u00f6s eurooppalainen osaamiskehys.<\/p>\n<p>Unifin nelj\u00e4nnen teesin (2020, 10) mukaan yliopistot haluavat tarjota kest\u00e4v\u00e4n kehityksen opintoja osana kaikkia tutkintoja ja jatkuvaa oppimista. T\u00e4m\u00e4n on linjassa Euroopan vihre\u00e4n kehityksen ohjelman kanssa, joka kannustaa tukemaan oppilaitoksia kest\u00e4v\u00e4n kehityksen sis\u00e4llytt\u00e4misess\u00e4 opetukseen, oppimiseen ja toimintaan ylip\u00e4\u00e4ns\u00e4.<\/p>\n<p>Yliopistojen teht\u00e4v\u00e4n\u00e4 ei ole hiilineutraaliuden saavuttaminen keinolla mill\u00e4 hyv\u00e4ns\u00e4. Sen sijaan niiden teht\u00e4v\u00e4n\u00e4 on tutkitun tiedon lis\u00e4\u00e4minen ja valveutuneiden ja vastuuntuntoisten kansalaisten kasvattaminen. Siin\u00e4 onnistuminen on osa yliopistojen k\u00e4denj\u00e4lke\u00e4 eli positiivista vaikutusta ymp\u00e4rist\u00f6\u00f6n ja yhteiskuntaan. <a href=\"https:\/\/www.finlex.fi\/fi\/laki\/ajantasa\/2009\/20090558\" target=\"_blank\" rel=\"noopener\">Yliopistolaki<\/a> luonnehtii tuota j\u00e4lke\u00e4 antamalla yliopistoille teht\u00e4v\u00e4ksi \u201dkasvattaa opiskelijoita palvelemaan is\u00e4nmaata ja ihmiskuntaa\u201d.<\/p>\n","protected":false},"excerpt":{"rendered":"<p>Kest\u00e4v\u00e4n kehityksen kansalaistaidot ovat t\u00e4rke\u00e4mpi\u00e4 kuin yliopistojen ilmastoneutraalius.<\/p>\n","protected":false},"author":46,"featured_media":9780,"comment_status":"open","ping_status":"open","sticky":false,"template":"","format":"standard","meta":{"_acf_changed":false,"footnotes":""},"categories":[2],"tags":[],"class_list":["post-9754","post","type-post","status-publish","format-standard","has-post-thumbnail","hentry","category-blog"],"acf":[],"post_meta":"<span class=\"author\"> <span class=\"vcard\"><a class=\"url fn n\" href=\"https:\/\/blogs.uwasa.fi\/ajatusyhteys\/author\/tolehton\/\">Tommi Lehtonen<\/a><\/span><\/span><span class=\"posted-on\"><a href=\"https:\/\/blogs.uwasa.fi\/ajatusyhteys\/2023\/11\/01\/eurooppalainen-osaamiskehys\/\" rel=\"bookmark\"><time class=\"entry-date published updated\" datetime=\"2023-11-01T07:30:47+02:00\">01.11.2023<\/time><\/a><\/span>","post_categories":"<span class=\"entry-categories cat-links\"><a href=\"https:\/\/blogs.uwasa.fi\/ajatusyhteys\/category\/blog\/\" rel=\"category tag\">blog<\/a><\/span>","post_thumbnail":"<a href=\"https:\/\/blogs.uwasa.fi\/ajatusyhteys\/2023\/11\/01\/eurooppalainen-osaamiskehys\/\"><img width=\"640\" height=\"360\" src=\"https:\/\/blogs.uwasa.fi\/ajatusyhteys\/wp-content\/blogs.dir\/6\/files\/sites\/54\/2023\/10\/nordkapp-1848b-640x360.jpg\" class=\"attachment-banner-wide-640 size-banner-wide-640 wp-post-image\" alt=\"\" decoding=\"async\" loading=\"lazy\" srcset=\"https:\/\/blogs.uwasa.fi\/ajatusyhteys\/wp-content\/blogs.dir\/6\/files\/sites\/54\/2023\/10\/nordkapp-1848b-640x360.jpg 640w, https:\/\/blogs.uwasa.fi\/ajatusyhteys\/wp-content\/blogs.dir\/6\/files\/sites\/54\/2023\/10\/nordkapp-1848b-320x180.jpg 320w, https:\/\/blogs.uwasa.fi\/ajatusyhteys\/wp-content\/blogs.dir\/6\/files\/sites\/54\/2023\/10\/nordkapp-1848b-1024x576.jpg 1024w, https:\/\/blogs.uwasa.fi\/ajatusyhteys\/wp-content\/blogs.dir\/6\/files\/sites\/54\/2023\/10\/nordkapp-1848b-1280x720.jpg 1280w, https:\/\/blogs.uwasa.fi\/ajatusyhteys\/wp-content\/blogs.dir\/6\/files\/sites\/54\/2023\/10\/nordkapp-1848b-1600x900.jpg 1600w, https:\/\/blogs.uwasa.fi\/ajatusyhteys\/wp-content\/blogs.dir\/6\/files\/sites\/54\/2023\/10\/nordkapp-1848b-1920x1080.jpg 1920w, https:\/\/blogs.uwasa.fi\/ajatusyhteys\/wp-content\/blogs.dir\/6\/files\/sites\/54\/2023\/10\/nordkapp-1848b-2048x1152.jpg 2048w\" sizes=\"(max-width: 640px) 100vw, 640px\" \/><\/a>","_links":{"self":[{"href":"https:\/\/blogs.uwasa.fi\/ajatusyhteys\/wp-json\/wp\/v2\/posts\/9754"}],"collection":[{"href":"https:\/\/blogs.uwasa.fi\/ajatusyhteys\/wp-json\/wp\/v2\/posts"}],"about":[{"href":"https:\/\/blogs.uwasa.fi\/ajatusyhteys\/wp-json\/wp\/v2\/types\/post"}],"author":[{"embeddable":true,"href":"https:\/\/blogs.uwasa.fi\/ajatusyhteys\/wp-json\/wp\/v2\/users\/46"}],"replies":[{"embeddable":true,"href":"https:\/\/blogs.uwasa.fi\/ajatusyhteys\/wp-json\/wp\/v2\/comments?post=9754"}],"version-history":[{"count":139,"href":"https:\/\/blogs.uwasa.fi\/ajatusyhteys\/wp-json\/wp\/v2\/posts\/9754\/revisions"}],"predecessor-version":[{"id":11564,"href":"https:\/\/blogs.uwasa.fi\/ajatusyhteys\/wp-json\/wp\/v2\/posts\/9754\/revisions\/11564"}],"wp:featuredmedia":[{"embeddable":true,"href":"https:\/\/blogs.uwasa.fi\/ajatusyhteys\/wp-json\/wp\/v2\/media\/9780"}],"wp:attachment":[{"href":"https:\/\/blogs.uwasa.fi\/ajatusyhteys\/wp-json\/wp\/v2\/media?parent=9754"}],"wp:term":[{"taxonomy":"category","embeddable":true,"href":"https:\/\/blogs.uwasa.fi\/ajatusyhteys\/wp-json\/wp\/v2\/categories?post=9754"},{"taxonomy":"post_tag","embeddable":true,"href":"https:\/\/blogs.uwasa.fi\/ajatusyhteys\/wp-json\/wp\/v2\/tags?post=9754"}],"curies":[{"name":"wp","href":"https:\/\/api.w.org\/{rel}","templated":true}]}}