{"id":67,"date":"2017-05-17T10:01:46","date_gmt":"2017-05-17T07:01:46","guid":{"rendered":"https:\/\/midgard.uwasa.fi\/fi\/midcom-permalink-1e73aceb113c2d63ace11e788ff25c2b23d9f8f9f8f"},"modified":"2019-12-18T21:56:05","modified_gmt":"2019-12-18T19:56:05","slug":"professorien-jeremiadi","status":"publish","type":"post","link":"https:\/\/blogs.uwasa.fi\/ajatusyhteys\/2017\/05\/17\/professorien-jeremiadi\/","title":{"rendered":"Professorien jeremiadi"},"content":{"rendered":"<div class=\"abstract\">T\u00e4m\u00e4 vaikerrus kohdistuu jatkuvaan ep\u00e4varmuuteen yliopistojen rahoituksesta.<\/div>\n<p>Osallistuin hiljattain New Yorkin liepeill\u00e4 pidettyyn filosofian konferenssiin. Akateemiset konferenssit tarjoavat mahdollisuuden saada palautetta omasta tutkimuksesta ja uusia ideoita. Usein parasta antia ovat keskustelut virallisen ohjelman ulkopuolella. T\u00e4ll\u00e4 kertaa mieleeni j\u00e4i kansainv\u00e4listen tutkijoiden v\u00e4liaikavaikerrus.<\/p>\n<p>Tapaamani professorit olivat erityisen pahoillaan akateemisen vapauden kaventumisesta. Siihen liittyv\u00e4 tutkijarivien tiivist\u00e4minen on kansainv\u00e4linen suuntaus. Keskeist\u00e4 siin\u00e4 on, ett\u00e4 tutkimusta ohjataan voimakkaasti strategiassa m\u00e4\u00e4riteltyyn suuntaan.<\/p>\n<p>Yksi professoreista v\u00e4itti, ett\u00e4 strategiat kahlitsevat &#8221;s\u00e4ken\u00f6iv\u00e4\u00e4 mielt\u00e4&#8221;. T\u00e4st\u00e4 vallitsi liikuttava yksimielisyys. Itse lis\u00e4sin, ett\u00e4 aloite- ja ideointikyky uhkaa tylsty\u00e4, jos tutkimussuunta tulee suoraan ylh\u00e4\u00e4lt\u00e4. Kukaan ei kehdannut my\u00f6nt\u00e4\u00e4, ett\u00e4 strategioissa voi olla jotain hyv\u00e4\u00e4kin.<\/p>\n<p>Toinen valitteli, ett\u00e4 perinteinen k\u00e4sitys professorista tieteenalansa asiantuntijana on vedetty vessasta alas. Ennen l\u00e4hdettiin siit\u00e4, ett\u00e4 professori tiet\u00e4\u00e4, mik\u00e4 on tutkimisen arvoista. Nyttemmin t\u00e4m\u00e4 viisaus on siirtynyt yliopistojen hallituksille ja muille p\u00e4\u00e4tt\u00e4jille.<\/p>\n<p>Osa keskustelijoista, min\u00e4 mukaan luettuna, rohkeni pienen miettimisen j\u00e4lkeen sanoa, ettei yliopiston vahvuuksien tunnistaminen ja niihin keskittyminen ole v\u00e4ltt\u00e4m\u00e4tt\u00e4 tieteelle haitaksi. My\u00f6s n\u00e4m\u00e4 professorit n\u00e4kiv\u00e4t kuitenkin riskej\u00e4 siin\u00e4, ett\u00e4 &#8221;kaikki munat laitetaan samaan koriin&#8221;. Jos valitun strategian mukainen tutkimussuunta ajaa karille, syntyy kokkelia. Kukaan keskustelijoista ei avoimesti puolustanut tutkimuksellista riskinottoa. Karl Popper, &#8221;rohkeiden arvauksien is\u00e4&#8221; olisi huokaissut pettymyksest\u00e4.<\/p>\n<p>Kertoessani suomalaisesta julkaisufoorumij\u00e4rjestelm\u00e4st\u00e4 amerikkalaiset is\u00e4nn\u00e4t py\u00f6ritteliv\u00e4t p\u00e4\u00e4t\u00e4\u00e4n. Joku kysyi, mit\u00e4 uutta j\u00e4rjestelm\u00e4nne tuo. &#8221;Ainahan tutkijat ovat t\u00e4hd\u00e4nneet mahdollisimman arvostettuihin julkaisuihin.&#8221;<\/p>\n<p>Toinen valitusvirsi koski tutkimusrahoituksen v\u00e4henemist\u00e4. Siit\u00e4 ovat k\u00e4rsineet erityisesti humanistiset alat ja yhteiskuntatieteet. Mesenaatit keskittyv\u00e4t l\u00e4\u00e4ketieteen, kauppatieteiden ja tekniikan tukemiseen. Muille j\u00e4\u00e4 p\u00e4hkin\u00f6it\u00e4.<\/p>\n<p>Samaan suuntaan ajaa monien maiden tiede- ja yliopistopolitiikka. Lis\u00e4ksi yliopistojen perusrahoitus on v\u00e4hentynyt. Aikaa ja voimavaroja viev\u00e4 hankehakemuskaruselli py\u00f6rii siksi entist\u00e4 vinhammin. T\u00e4m\u00e4 on maailmanlaajuinen vitsaus.<\/p>\n<p>My\u00f6s kansainv\u00e4listyminen kirvoitti keskustelua. Kansainv\u00e4listymist\u00e4 korostetaan k\u00e4yt\u00e4nn\u00f6llisesti katsoen kaikkialla. Yhdysvalloissa pel\u00e4t\u00e4\u00e4n kuitenkin uuden &#8221;Amerikka ensin&#8221; -politiikan vaikutuksia. Amerikkalaiset osallistujat kertoivat olevansa varpaillaan Trumpin hallinnon tiedepoliittisten p\u00e4\u00e4h\u00e4npistojen takia.<\/p>\n<p>Jotkut huomauttivat, ett\u00e4 kansainv\u00e4listen rekrytointien korostaminen her\u00e4tt\u00e4\u00e4 pelkoa omien kasvattien puolesta. Vaikka tutkijavirrat eiv\u00e4t kulje yht\u00e4 vahvasti maasta toiseen, toimiva kansainv\u00e4listyminen edellytt\u00e4\u00e4 vastavuoroisuutta.<\/p>\n<p>Kun kaikki t\u00e4m\u00e4 oli vaikeroitu, konferenssi sujui my\u00f6nteisesti ja innostuneesti.<\/p>\n","protected":false},"excerpt":{"rendered":"<p>T\u00e4m\u00e4 vaikerrus kohdistuu jatkuvaan ep\u00e4varmuuteen yliopistojen rahoituksesta. Osallistuin hiljattain New Yorkin liepeill\u00e4 pidettyyn filosofian konferenssiin. Akateemiset konferenssit tarjoavat mahdollisuuden saada palautetta omasta tutkimuksesta ja uusia ideoita. Usein parasta antia ovat keskustelut virallisen ohjelman ulkopuolella. T\u00e4ll\u00e4 kertaa mieleeni j\u00e4i kansainv\u00e4listen tutkijoiden v\u00e4liaikavaikerrus. Tapaamani professorit olivat erityisen pahoillaan akateemisen vapauden kaventumisesta. Siihen liittyv\u00e4 tutkijarivien tiivist\u00e4minen on kansainv\u00e4linen [&hellip;]<\/p>\n","protected":false},"author":46,"featured_media":0,"comment_status":"open","ping_status":"open","sticky":false,"template":"","format":"standard","meta":{"_acf_changed":false,"footnotes":""},"categories":[2],"tags":[],"class_list":["post-67","post","type-post","status-publish","format-standard","hentry","category-blog"],"acf":[],"post_meta":"<span class=\"author\"> <span class=\"vcard\"><a class=\"url fn n\" href=\"https:\/\/blogs.uwasa.fi\/ajatusyhteys\/author\/tolehton\/\">Tommi Lehtonen<\/a><\/span><\/span><span class=\"posted-on\"><a href=\"https:\/\/blogs.uwasa.fi\/ajatusyhteys\/2017\/05\/17\/professorien-jeremiadi\/\" rel=\"bookmark\"><time class=\"entry-date published updated\" datetime=\"2017-05-17T10:01:46+03:00\">17.05.2017<\/time><\/a><\/span>","post_categories":"<span class=\"entry-categories cat-links\"><a href=\"https:\/\/blogs.uwasa.fi\/ajatusyhteys\/category\/blog\/\" rel=\"category tag\">blog<\/a><\/span>","post_thumbnail":"<a href=\"https:\/\/blogs.uwasa.fi\/ajatusyhteys\/2017\/05\/17\/professorien-jeremiadi\/\"><img src=\"https:\/\/blogs.uwasa.fi\/ajatusyhteys\/wp-content\/blogs.dir\/6\/files\/sites\/54\/2019\/12\/ruokolahden_eukkoja_kirkonmaella_1887-640x360.jpg\" \/><\/a>","_links":{"self":[{"href":"https:\/\/blogs.uwasa.fi\/ajatusyhteys\/wp-json\/wp\/v2\/posts\/67"}],"collection":[{"href":"https:\/\/blogs.uwasa.fi\/ajatusyhteys\/wp-json\/wp\/v2\/posts"}],"about":[{"href":"https:\/\/blogs.uwasa.fi\/ajatusyhteys\/wp-json\/wp\/v2\/types\/post"}],"author":[{"embeddable":true,"href":"https:\/\/blogs.uwasa.fi\/ajatusyhteys\/wp-json\/wp\/v2\/users\/46"}],"replies":[{"embeddable":true,"href":"https:\/\/blogs.uwasa.fi\/ajatusyhteys\/wp-json\/wp\/v2\/comments?post=67"}],"version-history":[{"count":1,"href":"https:\/\/blogs.uwasa.fi\/ajatusyhteys\/wp-json\/wp\/v2\/posts\/67\/revisions"}],"predecessor-version":[{"id":320,"href":"https:\/\/blogs.uwasa.fi\/ajatusyhteys\/wp-json\/wp\/v2\/posts\/67\/revisions\/320"}],"wp:attachment":[{"href":"https:\/\/blogs.uwasa.fi\/ajatusyhteys\/wp-json\/wp\/v2\/media?parent=67"}],"wp:term":[{"taxonomy":"category","embeddable":true,"href":"https:\/\/blogs.uwasa.fi\/ajatusyhteys\/wp-json\/wp\/v2\/categories?post=67"},{"taxonomy":"post_tag","embeddable":true,"href":"https:\/\/blogs.uwasa.fi\/ajatusyhteys\/wp-json\/wp\/v2\/tags?post=67"}],"curies":[{"name":"wp","href":"https:\/\/api.w.org\/{rel}","templated":true}]}}