{"id":5128,"date":"2021-12-08T09:54:15","date_gmt":"2021-12-08T07:54:15","guid":{"rendered":"https:\/\/blogs.uwasa.fi\/ajatusyhteys\/?p=5128"},"modified":"2021-12-08T17:47:33","modified_gmt":"2021-12-08T15:47:33","slug":"luontokato","status":"publish","type":"post","link":"https:\/\/blogs.uwasa.fi\/ajatusyhteys\/2021\/12\/08\/luontokato\/","title":{"rendered":"Luontokato"},"content":{"rendered":"<p>Ihmisen el\u00e4m\u00e4n tie on t\u00e4ynn\u00e4 huolia ja vaaroja. Siksi yksitt\u00e4iset esimerkit voivat tuntua riitt\u00e4m\u00e4tt\u00f6milt\u00e4 antamaan oikeaa kuvaa ilmi\u00f6n laajuudesta: kaikista uhista ja riskeist\u00e4.<\/p>\n<p>On yksil\u00f6iden terveytt\u00e4, ihmissuhteita ja toimeentuloa uhkaavia riskej\u00e4. On syrjint\u00e4\u00e4n ja tuloerojen kasvuun liittyvi\u00e4 yhteiskunnallisia uhkia. On my\u00f6s laajoja kansainv\u00e4lisi\u00e4 turvallisuusuhkia kuten suurvaltasuhteiden j\u00e4nnitteet, ilmastonmuutos, pakolaisuus ja epidemiat.<\/p>\n<p>On varmaan parempikin, ett\u00e4 emme hahmota kerralla kaikkia uhkia. Sellainen tieto lis\u00e4isi tuskaa ja voisi vied\u00e4 toimintakyvyn.<\/p>\n<p>Uhat ja riskit liittyv\u00e4t yksil\u00f6iden, yhteis\u00f6jen ja kokonaisten ekosysteemien hyvinvointiin, turvallisuuteen ja tulevaisuuteen. Vaikka osa uhista ja riskeist\u00e4 johtuu luonnonvoimista ja luonnollisista kehityskuluista, my\u00f6s niiden taustalla on usein ihmisen toiminnasta aiheutuvia muutoksia. N\u00e4in on erityisesti luontokadossa ja ilmastonmuutoksessa.<\/p>\n<p>Ilmastonmuutoksen syyn\u00e4 ovat fossiiliset polttoaineet, jotka maan alta kaivettuna ja poltettuna lis\u00e4\u00e4v\u00e4t hiilidioksidin m\u00e4\u00e4r\u00e4\u00e4 maan p\u00e4\u00e4ll\u00e4. Luontokadon syit\u00e4 ovat luonnonvarojen liikak\u00e4ytt\u00f6 ja elintilan raivaaminen lajeilta, mutta my\u00f6s ilmastonmuutoksen aiheuttama elinolosuhteiden muutos. Yhdist\u00e4v\u00e4 tekij\u00e4 on ihmisen toiminta.<\/p>\n<p>YK:n luontopaneeli (IPBES) esitt\u00e4\u00e4 laajassa raportissaan t\u00e4rkeimmiksi syiksi luonnon h\u00e4t\u00e4tilaan maan- ja merenk\u00e4yt\u00f6n sek\u00e4 k\u00e4yt\u00f6n muutokset, eli\u00f6lajien suoran hyv\u00e4ksik\u00e4yt\u00f6n, ilmastonmuutoksen, saastumisen ja vieraslajit (Brondizio, E.; Diaz, S.; Settele, J. &amp; Ngo, H. (toim.), <a href=\"https:\/\/zenodo.org\/record\/5657041#.YZo69NBByUl\" target=\"_blank\" rel=\"noopener\"><em>Global Assessment Report of the Intergovernmental Science-Policy Platform on Biodiversity and Ecosystem Services<\/em><\/a>, Bonn: IPBES Secretariat, 2019, s. XVI). N\u00e4m\u00e4 ilmi\u00f6t my\u00f6s kiihdytt\u00e4v\u00e4t toisiaan: luonnon k\u00f6yhdytt\u00e4misest\u00e4, kuten laajoista avohakkuista, aiheutuu l\u00e4mmitt\u00e4vi\u00e4 hiilidioksidip\u00e4\u00e4st\u00f6j\u00e4, ja ilmaston l\u00e4mpeneminen puolestaan vaarantaa lajien elinolosuhteita.<\/p>\n<p>Kaikki t\u00e4m\u00e4 yhdess\u00e4 johtaa luontokatoon. Se tarkoittaa, ett\u00e4 kasveja ja el\u00e4imi\u00e4 on jatkuvasti v\u00e4hemm\u00e4n. Kokonaisia lajeja kuolee sukupuuttoon.<\/p>\n<p>Maapallolla on parhaillaan k\u00e4ynniss\u00e4 vuosimiljoonien v\u00e4lein toistuva sukupuuttoaalto. T\u00e4m\u00e4 on lajissaan jo <a href=\"https:\/\/earth.org\/sixth-mass-extinction-of-wildlife-accelerating\/\" target=\"_blank\" rel=\"noopener\">kuudes<\/a>. Sen seurauksena jopa puolet maapallon kasvi- ja el\u00e4inlajeista saattaa kadota.<\/p>\n<p>Suomessa luontokato n\u00e4kyy <a href=\"https:\/\/www.syke.fi\/fi-FI\/Ajankohtaista\/Monimuotoisuus_ja_ilmastohyotyja_kannatt(60150)\" target=\"_blank\" rel=\"noopener\">erityisesti metsiss\u00e4<\/a>. Lintujen kev\u00e4inen konsertti on hiljentynyt ja yksipuolistunut. My\u00f6s hy\u00f6nteisten m\u00e4\u00e4r\u00e4 on v\u00e4hentynyt.<\/p>\n<p>Luontokato eli luonnon monimuotoisuuden v\u00e4heneminen uhkaa my\u00f6s ihmist\u00e4. Vaarassa ovat ruokaturva, talous, terveys ja el\u00e4m\u00e4nlaatu.<\/p>\n<p>Biodiversiteetti\u00e4 (luonnon monimuotoisuutta) voidaan tunnistaa kolmella eri tasolla: geeneiss\u00e4, lajeissa ja elinymp\u00e4rist\u00f6iss\u00e4. Geneettinen monimuotoisuus tarkoittaa perint\u00f6aineksen vaihtelua eli\u00f6iden muodostaman ryhm\u00e4n keskuudessa. Usein ollaan kiinnostuneita esimerkiksi populaatioiden tai lajien geneettisest\u00e4 monimuotoisuudesta.<\/p>\n<p>Lajien monimuotoisuutta mitataan valitulla alueella tai ekosysteemiss\u00e4 esiintyvien lajien lukum\u00e4\u00e4r\u00e4ll\u00e4. Ekosysteemien monimuotoisuus on laajan mittakaavan ilmi\u00f6. Sill\u00e4 tarkoitetaan eri elinymp\u00e4rist\u00f6- tai luontotyyppien kuten lehtometsien, keidassoiden tai humusj\u00e4rvien monimuotoisuutta erityisell\u00e4 alueella. Voidaan olla kiinnostuneita esimerkiksi Suomen elinymp\u00e4rist\u00f6tyyppien monimuotoisuudesta.<\/p>\n<p>Biodiversiteetin kolme tasoa liittyv\u00e4t kiinte\u00e4sti toisiinsa. Luontokato tarkoittaa luonnon monimuotoisuuden heikentymist\u00e4 kaikilla tasoilla. Usein kiinnitet\u00e4\u00e4n erityist\u00e4 huomiota lajien ja elinymp\u00e4rist\u00f6jen monimuotoisuuden heikentymiseen.<\/p>\n<p>Luontohaittojen ja niit\u00e4 lievent\u00e4vien toimien mittaaminen kehittyy ja yhdenmukaistuu, mutta on vasta lapsenkengiss\u00e4 verrattuna hiilijalanj\u00e4ljen laskemiseen, joka sekin tarkentuu. Ei tarvitse olla kummoinenkaan ennustaja kertoakseen, ett\u00e4 muutaman vuoden kuluttua korkeakouluissakin arvioidaan organisaation hiilijalanj\u00e4ljen lis\u00e4ksi <a href=\"https:\/\/jyx.jyu.fi\/bitstream\/handle\/123456789\/74650\/1\/URN%3ANBN%3Afi%3Ajyu-202103161992.pdf\" target=\"_blank\" rel=\"noopener\">luontohaittoja<\/a>.<\/p>\n<p>Luontohaittojen suhteen t\u00e4rke\u00e4ss\u00e4 roolissa ovat organisaation tekem\u00e4t hankinnat. Siksi kriittinen katse k\u00e4\u00e4ntyy niihin. Ostamalla ja kuluttamalla v\u00e4hemm\u00e4n sek\u00e4 hankkimalla mahdollisimman kest\u00e4v\u00e4ll\u00e4 tavalla tuotettuja tavaroita ja palveluja voidaan luontohaittoja ehk\u00e4ist\u00e4 ja v\u00e4hent\u00e4\u00e4.<\/p>\n<p>Korkeakouluissa olisi iso askel oikeaan suuntaan, jos kampuksilla on vain kasvisravintoloita. <a href=\"https:\/\/www.iltalehti.fi\/kotimaa\/a\/a0bfea0a-54e9-4bfb-bfd7-abd392a7ef8c\" target=\"_blank\" rel=\"noopener\">Onko sellainen askel liian pitk\u00e4<\/a>? Koronavuonna 2020 Vaasan yliopiston hiilijalanj\u00e4ljest\u00e4 viidesosa syntyi lounasruokailuista. Kasvislounaan keskim\u00e4\u00e4r\u00e4inen hiilijalanj\u00e4lki on vain puolet kana-, kala- ja lihalounaiden keskiarvosta.<\/p>\n<p>Oma t\u00e4rke\u00e4 kysymyksens\u00e4 on aiheutettujen luontohaittojen kompensointi eli hyvitt\u00e4minen. My\u00f6s t\u00e4h\u00e4n kysymykseen joudutaan korkeakouluissa ja muissa organisaatioissa ottamaan kantaa.<\/p>\n","protected":false},"excerpt":{"rendered":"<p>Lajit ja elinymp\u00e4rist\u00f6t v\u00e4henev\u00e4t.<\/p>\n","protected":false},"author":46,"featured_media":5093,"comment_status":"open","ping_status":"open","sticky":false,"template":"","format":"standard","meta":{"_acf_changed":false,"footnotes":""},"categories":[2],"tags":[],"class_list":["post-5128","post","type-post","status-publish","format-standard","has-post-thumbnail","hentry","category-blog"],"acf":[],"post_meta":"<span class=\"author\"> <span class=\"vcard\"><a class=\"url fn n\" href=\"https:\/\/blogs.uwasa.fi\/ajatusyhteys\/author\/tolehton\/\">Tommi Lehtonen<\/a><\/span><\/span><span class=\"posted-on\"><a href=\"https:\/\/blogs.uwasa.fi\/ajatusyhteys\/2021\/12\/08\/luontokato\/\" rel=\"bookmark\"><time class=\"entry-date published updated\" datetime=\"2021-12-08T09:54:15+02:00\">08.12.2021<\/time><\/a><\/span>","post_categories":"<span class=\"entry-categories cat-links\"><a href=\"https:\/\/blogs.uwasa.fi\/ajatusyhteys\/category\/blog\/\" rel=\"category tag\">blog<\/a><\/span>","post_thumbnail":"<a href=\"https:\/\/blogs.uwasa.fi\/ajatusyhteys\/2021\/12\/08\/luontokato\/\"><img width=\"520\" height=\"360\" src=\"https:\/\/blogs.uwasa.fi\/ajatusyhteys\/wp-content\/blogs.dir\/6\/files\/sites\/54\/2021\/11\/iankaikkinen-ikava-1930-520x360.jpg\" class=\"attachment-banner-wide-640 size-banner-wide-640 wp-post-image\" alt=\"\" decoding=\"async\" loading=\"lazy\" \/><\/a>","_links":{"self":[{"href":"https:\/\/blogs.uwasa.fi\/ajatusyhteys\/wp-json\/wp\/v2\/posts\/5128"}],"collection":[{"href":"https:\/\/blogs.uwasa.fi\/ajatusyhteys\/wp-json\/wp\/v2\/posts"}],"about":[{"href":"https:\/\/blogs.uwasa.fi\/ajatusyhteys\/wp-json\/wp\/v2\/types\/post"}],"author":[{"embeddable":true,"href":"https:\/\/blogs.uwasa.fi\/ajatusyhteys\/wp-json\/wp\/v2\/users\/46"}],"replies":[{"embeddable":true,"href":"https:\/\/blogs.uwasa.fi\/ajatusyhteys\/wp-json\/wp\/v2\/comments?post=5128"}],"version-history":[{"count":22,"href":"https:\/\/blogs.uwasa.fi\/ajatusyhteys\/wp-json\/wp\/v2\/posts\/5128\/revisions"}],"predecessor-version":[{"id":5150,"href":"https:\/\/blogs.uwasa.fi\/ajatusyhteys\/wp-json\/wp\/v2\/posts\/5128\/revisions\/5150"}],"wp:featuredmedia":[{"embeddable":true,"href":"https:\/\/blogs.uwasa.fi\/ajatusyhteys\/wp-json\/wp\/v2\/media\/5093"}],"wp:attachment":[{"href":"https:\/\/blogs.uwasa.fi\/ajatusyhteys\/wp-json\/wp\/v2\/media?parent=5128"}],"wp:term":[{"taxonomy":"category","embeddable":true,"href":"https:\/\/blogs.uwasa.fi\/ajatusyhteys\/wp-json\/wp\/v2\/categories?post=5128"},{"taxonomy":"post_tag","embeddable":true,"href":"https:\/\/blogs.uwasa.fi\/ajatusyhteys\/wp-json\/wp\/v2\/tags?post=5128"}],"curies":[{"name":"wp","href":"https:\/\/api.w.org\/{rel}","templated":true}]}}