{"id":142,"date":"2014-03-26T07:21:16","date_gmt":"2014-03-26T05:21:16","guid":{"rendered":"https:\/\/midgard.uwasa.fi\/fi\/midcom-permalink-1e3b4a6747bb4deb4a611e3a2dc9b7b755848ba48ba"},"modified":"2019-12-18T22:04:53","modified_gmt":"2019-12-18T20:04:53","slug":"arvot-talous-ja-yhteiskunta","status":"publish","type":"post","link":"https:\/\/blogs.uwasa.fi\/ajatusyhteys\/2014\/03\/26\/arvot-talous-ja-yhteiskunta\/","title":{"rendered":"Arvot, talous ja yhteiskunta"},"content":{"rendered":"<div class=\"abstract\">Yhteiskunnan kehitt\u00e4minen alkaa poliittisista ihanteista ja tavoitteista.<\/div>\n<p>My\u00f6s liikeyritysten toimintaa ohjaavat taloudellisten arvojen lis\u00e4ksi muut perusteet kuten ammattiylpeys ja kiinnostus alaa kohtaan. Liikeyritys voisi kuitenkin teoriassa perustua vain taloudellisen kannattavuuden ja tuottavuuden tavoitteille. Sen sijaan yhteiskuntaa ei voida rakentaa pelk\u00e4st\u00e4\u00e4n niiden varaan.<\/p>\n<p>Kun valtion ja kuntien velkataakka kasvaa ja verotulot v\u00e4henev\u00e4t, julkisia palveluita ja tulonsiirtoja joudutaan karsimaan. N\u00e4in on varsinkin nyt, kun n\u00e4k\u00f6piiriss\u00e4 ei ole vahvaa nousukautta.<\/p>\n<p>Suomessa uusille veroille v\u00e4itet\u00e4\u00e4n olevan vain v\u00e4h\u00e4n tilaa, koska maan kokonaisveroaste on jo korkea verrattuna moniin muihin OECD-maihin. Eri maat kilpailevat verotuksella, joka esimerkiksi Virossa on yrityksille hyvin edullinen.<\/p>\n<p>Leikkauslistoja laadittaessa j\u00e4\u00e4 kuitenkin helposti sivuun se, ett\u00e4 julkinen sektori ei vain kuluta yhteiskunnan voimavaroja vaan my\u00f6s lis\u00e4\u00e4 ja yll\u00e4pit\u00e4\u00e4 niit\u00e4. T\u00e4llaiset pitk\u00e4n t\u00e4ht\u00e4imen saavutukset unohtuvat, kun taloussuunnittelu keskittyy lyhyehk\u00f6n aikav\u00e4lin voittoihin ja tappioihin.<\/p>\n<p>On vakava ongelma, ett\u00e4 talouden perspektiivi on paljon lyhyempi kuin yhteiskunnallisten arvojen perspektiivi. T\u00e4m\u00e4 on my\u00f6s yksi ymp\u00e4rist\u00f6kriisin syist\u00e4. Lyhyen t\u00e4ht\u00e4imen taloustavoitteiden n\u00e4k\u00f6piirin ei mahdu ihmisen eik\u00e4 luonnon pitk\u00e4n t\u00e4ht\u00e4imen hyv\u00e4.<\/p>\n<p>Esimerkiksi sosiaali- ja terveysalaa ei olisi v\u00e4ltt\u00e4m\u00e4tt\u00e4 koskaan keksitty lyhyen aikav\u00e4lin voitontavoittelun pohjalta. Vaikka sosiaali- ja terveysala voi ylpeill\u00e4 my\u00f6s aineellisilla saavutuksillaan, alan perusteena on muitakin kuin taloudellisia arvoja, kirkkaimpana niist\u00e4 ihmisarvo.<\/p>\n<p>Sanotaan, ett\u00e4 yhteiskunnallisessa p\u00e4\u00e4t\u00f6ksenteossa pit\u00e4isi menn\u00e4 talous edell\u00e4. Sill\u00e4 tarkoitetaan sit\u00e4, ett\u00e4 valtion ja kuntien tulisi mitoittaa menonsa tulojen mukaan. Se on edellytys kest\u00e4v\u00e4lle julkiselle taloudelle. Tarvitaan kuitenkin my\u00f6s arvojen &#8221;hengitt\u00e4mist\u00e4&#8221;, sill\u00e4 muuten yhteiskunta tukehtuu.<\/p>\n<p>Taloudellisten tekij\u00f6iden huomioon ottaminen on siis vastuullisen yhteiskunnallisen p\u00e4\u00e4t\u00f6ksenteon v\u00e4ltt\u00e4m\u00e4t\u00f6n, mutta ei riitt\u00e4v\u00e4 ehto. Vaikka jaettavana olisi vain niukkuutta, senkin jakaminen on poliittinen kysymys ja arvovalinta.<\/p>\n","protected":false},"excerpt":{"rendered":"<p>Yhteiskunnan kehitt\u00e4minen alkaa poliittisista ihanteista ja tavoitteista. My\u00f6s liikeyritysten toimintaa ohjaavat taloudellisten arvojen lis\u00e4ksi muut perusteet kuten ammattiylpeys ja kiinnostus alaa kohtaan. Liikeyritys voisi kuitenkin teoriassa perustua vain taloudellisen kannattavuuden ja tuottavuuden tavoitteille. Sen sijaan yhteiskuntaa ei voida rakentaa pelk\u00e4st\u00e4\u00e4n niiden varaan. Kun valtion ja kuntien velkataakka kasvaa ja verotulot v\u00e4henev\u00e4t, julkisia palveluita ja tulonsiirtoja [&hellip;]<\/p>\n","protected":false},"author":46,"featured_media":0,"comment_status":"open","ping_status":"open","sticky":false,"template":"","format":"standard","meta":{"_acf_changed":false,"footnotes":""},"categories":[2],"tags":[],"class_list":["post-142","post","type-post","status-publish","format-standard","hentry","category-blog"],"acf":[],"post_meta":"<span class=\"author\"> <span class=\"vcard\"><a class=\"url fn n\" href=\"https:\/\/blogs.uwasa.fi\/ajatusyhteys\/author\/tolehton\/\">Tommi Lehtonen<\/a><\/span><\/span><span class=\"posted-on\"><a href=\"https:\/\/blogs.uwasa.fi\/ajatusyhteys\/2014\/03\/26\/arvot-talous-ja-yhteiskunta\/\" rel=\"bookmark\"><time class=\"entry-date published updated\" datetime=\"2014-03-26T07:21:16+02:00\">26.03.2014<\/time><\/a><\/span>","post_categories":"<span class=\"entry-categories cat-links\"><a href=\"https:\/\/blogs.uwasa.fi\/ajatusyhteys\/category\/blog\/\" rel=\"category tag\">blog<\/a><\/span>","post_thumbnail":"<a href=\"https:\/\/blogs.uwasa.fi\/ajatusyhteys\/2014\/03\/26\/arvot-talous-ja-yhteiskunta\/\"><img src=\"https:\/\/blogs.uwasa.fi\/ajatusyhteys\/wp-content\/blogs.dir\/6\/files\/sites\/54\/2019\/12\/ruokolahden_eukkoja_kirkonmaella_1887-640x360.jpg\" \/><\/a>","_links":{"self":[{"href":"https:\/\/blogs.uwasa.fi\/ajatusyhteys\/wp-json\/wp\/v2\/posts\/142"}],"collection":[{"href":"https:\/\/blogs.uwasa.fi\/ajatusyhteys\/wp-json\/wp\/v2\/posts"}],"about":[{"href":"https:\/\/blogs.uwasa.fi\/ajatusyhteys\/wp-json\/wp\/v2\/types\/post"}],"author":[{"embeddable":true,"href":"https:\/\/blogs.uwasa.fi\/ajatusyhteys\/wp-json\/wp\/v2\/users\/46"}],"replies":[{"embeddable":true,"href":"https:\/\/blogs.uwasa.fi\/ajatusyhteys\/wp-json\/wp\/v2\/comments?post=142"}],"version-history":[{"count":1,"href":"https:\/\/blogs.uwasa.fi\/ajatusyhteys\/wp-json\/wp\/v2\/posts\/142\/revisions"}],"predecessor-version":[{"id":395,"href":"https:\/\/blogs.uwasa.fi\/ajatusyhteys\/wp-json\/wp\/v2\/posts\/142\/revisions\/395"}],"wp:attachment":[{"href":"https:\/\/blogs.uwasa.fi\/ajatusyhteys\/wp-json\/wp\/v2\/media?parent=142"}],"wp:term":[{"taxonomy":"category","embeddable":true,"href":"https:\/\/blogs.uwasa.fi\/ajatusyhteys\/wp-json\/wp\/v2\/categories?post=142"},{"taxonomy":"post_tag","embeddable":true,"href":"https:\/\/blogs.uwasa.fi\/ajatusyhteys\/wp-json\/wp\/v2\/tags?post=142"}],"curies":[{"name":"wp","href":"https:\/\/api.w.org\/{rel}","templated":true}]}}