{"id":110,"date":"2015-09-09T07:10:13","date_gmt":"2015-09-09T04:10:13","guid":{"rendered":"https:\/\/midgard.uwasa.fi\/fi\/midcom-permalink-1e556a8ab866de856a811e5b1cb8b547df22a012a01"},"modified":"2019-12-18T22:01:32","modified_gmt":"2019-12-18T20:01:32","slug":"etiikan-perustekijat","status":"publish","type":"post","link":"https:\/\/blogs.uwasa.fi\/ajatusyhteys\/2015\/09\/09\/etiikan-perustekijat\/","title":{"rendered":"Etiikan perustekij\u00e4t"},"content":{"rendered":"<div class=\"abstract\">Euroopassa vellova pakolaiskriisi nostaa meiss\u00e4 pintaan etiikan perustekij\u00e4t.<\/div>\n<p>Niit\u00e4 ovat my\u00f6t\u00e4tunto, velvollisuudentunto ja hyv\u00e4n maksimointi.<\/p>\n<p>Viime viikkoina on kuultu ja luettu pakolaisten j\u00e4rkytt\u00e4vist\u00e4 kohtaloista merikelvottomissa veneiss\u00e4, rekkojen konteissa ja rautatieasemien leireill\u00e4. J\u00e4rkytt\u00e4v\u00e4t kuvat ja uutiset ovat nostattaneet (massiivisen vastuksen lis\u00e4ksi) my\u00f6t\u00e4tunnon aallon ja her\u00e4tt\u00e4neet ihmisiss\u00e4 halun auttaa.<\/p>\n<p>Avustusj\u00e4rjest\u00f6ille ja vastaanottokeskuksille tulvii avuntarjouksia. On alettu j\u00e4rjest\u00e4\u00e4 tavaranker\u00e4yksi\u00e4, pakolaisten kotimajoitusta ja yst\u00e4v\u00e4toimintaa.<\/p>\n<p>Empaattinen reagointi ihmisten h\u00e4t\u00e4\u00e4n on t\u00e4rke\u00e4\u00e4, sill\u00e4 my\u00f6t\u00e4tunto on eettisen toiminnan perusta. Empatian puute taas on moraalisen rappion ja turtumuksen merkki.<\/p>\n<p>My\u00f6t\u00e4tunto viritt\u00e4\u00e4 hyv\u00e4n tekemiseen ja maailman tarkasteluun silt\u00e4 kannalta, mik\u00e4 on hyv\u00e4\u00e4 ja arvokasta. Jos my\u00f6t\u00e4tunto puuttuu, on maailma eettisesti tyhj\u00e4 ja haalistunut. Silloin pakolaisetkin ovat vain taloudellinen rasite ja logistinen ongelma, joka pit\u00e4\u00e4 padota ja jonka haitat pit\u00e4\u00e4 minimoida.<\/p>\n<p>J\u00e4rkytt\u00e4vist\u00e4 ihmiskohtaloista kuuleminen her\u00e4tt\u00e4\u00e4 my\u00f6t\u00e4tunnon lis\u00e4ksi kysymyksen, miten voisin ja miten pit\u00e4isi auttaa. T\u00e4m\u00e4 on etiikan toinen perusjuonne: pit\u00e4\u00e4, t\u00e4ytyy, on pakko!<\/p>\n<p>Moraalisen velvollisuuden tunnistaminen edellytt\u00e4\u00e4 velvollisuudentuntoa: sen ymm\u00e4rt\u00e4mist\u00e4, ett\u00e4 velvollisuus on minun eik\u00e4 vain jonkun toisen. My\u00f6t\u00e4tunto ja velvollisuudentunto saavat meid\u00e4t toimimaan. Ne ovat eettisen toiminnan perusta.<\/p>\n<p>Niiden lis\u00e4ksi ihmiset voivat pohtia, kuinka maksimoida hyv\u00e4: Kysyt\u00e4\u00e4n, mik\u00e4 olisi paras ja tehokkain tapa auttaa. Miten kaikkien &#8211; niin pakolaisten kuin heit\u00e4 vastaanottavien maiden kansalaisten &#8211; intressej\u00e4 ja hyv\u00e4\u00e4 palveltaisiin parhaiten?<\/p>\n<p>T\u00e4h\u00e4n liittyen Suomessakin keskustellaan yhteiskunnan ja yksitt\u00e4isten kansalaisten v\u00e4lisest\u00e4 ty\u00f6njaosta. P\u00e4\u00e4ministerin ilmoitusta kotinsa tarjoamisesta turvapaikanhakijoiden k\u00e4ytt\u00f6\u00f6n on ehditty paitsi kiitt\u00e4\u00e4 my\u00f6s arvostella. Kriitikot kysyv\u00e4t, ajaako maan hallitus hyvinvointiyhteiskunnan muuttamista hyv\u00e4ntekev\u00e4isyysyhteiskunnaksi. Sit\u00e4kin on t\u00e4rke\u00e4 pohtia, vaikka kansalaisten omaehtoista auttamisen halua ei ole ainakaan eettisin perustein syyt\u00e4 v\u00e4h\u00e4tell\u00e4.<\/p>\n<p>Rajallisten resurssien maailmassa pit\u00e4\u00e4 olla huolissaan my\u00f6s auttajien jaksamisesta. Niin on siit\u00e4 huolimatta, ett\u00e4 ensireaktio h\u00e4t\u00e4\u00e4n on my\u00f6t\u00e4tunto ja halu auttaa.<\/p>\n<p>Eettisen hy\u00f6tyajattelun huonoimpia hedelmi\u00e4 ovat turtumus ja lamaannus. Ne voivat iske\u00e4, kun n\u00e4hd\u00e4\u00e4n, ett\u00e4 ongelmat ovat voimavaroja suuremmat. Lamaantuneena ei tehd\u00e4 toisten auttamiseksi edes sit\u00e4 v\u00e4h\u00e4\u00e4, mit\u00e4 voitaisiin.<\/p>\n<p>Lamaannuttaako pakolaiskriisi meid\u00e4t vai sytytt\u00e4v\u00e4tk\u00f6 my\u00f6t\u00e4tunto ja velvollisuudentunto meiss\u00e4 tarmon hyv\u00e4n maksimointiin?<\/p>\n","protected":false},"excerpt":{"rendered":"<p>Euroopassa vellova pakolaiskriisi nostaa meiss\u00e4 pintaan etiikan perustekij\u00e4t. Niit\u00e4 ovat my\u00f6t\u00e4tunto, velvollisuudentunto ja hyv\u00e4n maksimointi. Viime viikkoina on kuultu ja luettu pakolaisten j\u00e4rkytt\u00e4vist\u00e4 kohtaloista merikelvottomissa veneiss\u00e4, rekkojen konteissa ja rautatieasemien leireill\u00e4. J\u00e4rkytt\u00e4v\u00e4t kuvat ja uutiset ovat nostattaneet (massiivisen vastuksen lis\u00e4ksi) my\u00f6t\u00e4tunnon aallon ja her\u00e4tt\u00e4neet ihmisiss\u00e4 halun auttaa. Avustusj\u00e4rjest\u00f6ille ja vastaanottokeskuksille tulvii avuntarjouksia. On alettu j\u00e4rjest\u00e4\u00e4 [&hellip;]<\/p>\n","protected":false},"author":46,"featured_media":0,"comment_status":"open","ping_status":"open","sticky":false,"template":"","format":"standard","meta":{"_acf_changed":false,"footnotes":""},"categories":[2],"tags":[],"class_list":["post-110","post","type-post","status-publish","format-standard","hentry","category-blog"],"acf":[],"post_meta":"<span class=\"author\"> <span class=\"vcard\"><a class=\"url fn n\" href=\"https:\/\/blogs.uwasa.fi\/ajatusyhteys\/author\/tolehton\/\">Tommi Lehtonen<\/a><\/span><\/span><span class=\"posted-on\"><a href=\"https:\/\/blogs.uwasa.fi\/ajatusyhteys\/2015\/09\/09\/etiikan-perustekijat\/\" rel=\"bookmark\"><time class=\"entry-date published updated\" datetime=\"2015-09-09T07:10:13+03:00\">09.09.2015<\/time><\/a><\/span>","post_categories":"<span class=\"entry-categories cat-links\"><a href=\"https:\/\/blogs.uwasa.fi\/ajatusyhteys\/category\/blog\/\" rel=\"category tag\">blog<\/a><\/span>","post_thumbnail":"<a href=\"https:\/\/blogs.uwasa.fi\/ajatusyhteys\/2015\/09\/09\/etiikan-perustekijat\/\"><img src=\"https:\/\/blogs.uwasa.fi\/ajatusyhteys\/wp-content\/blogs.dir\/6\/files\/sites\/54\/2019\/12\/ruokolahden_eukkoja_kirkonmaella_1887-640x360.jpg\" \/><\/a>","_links":{"self":[{"href":"https:\/\/blogs.uwasa.fi\/ajatusyhteys\/wp-json\/wp\/v2\/posts\/110"}],"collection":[{"href":"https:\/\/blogs.uwasa.fi\/ajatusyhteys\/wp-json\/wp\/v2\/posts"}],"about":[{"href":"https:\/\/blogs.uwasa.fi\/ajatusyhteys\/wp-json\/wp\/v2\/types\/post"}],"author":[{"embeddable":true,"href":"https:\/\/blogs.uwasa.fi\/ajatusyhteys\/wp-json\/wp\/v2\/users\/46"}],"replies":[{"embeddable":true,"href":"https:\/\/blogs.uwasa.fi\/ajatusyhteys\/wp-json\/wp\/v2\/comments?post=110"}],"version-history":[{"count":1,"href":"https:\/\/blogs.uwasa.fi\/ajatusyhteys\/wp-json\/wp\/v2\/posts\/110\/revisions"}],"predecessor-version":[{"id":343,"href":"https:\/\/blogs.uwasa.fi\/ajatusyhteys\/wp-json\/wp\/v2\/posts\/110\/revisions\/343"}],"wp:attachment":[{"href":"https:\/\/blogs.uwasa.fi\/ajatusyhteys\/wp-json\/wp\/v2\/media?parent=110"}],"wp:term":[{"taxonomy":"category","embeddable":true,"href":"https:\/\/blogs.uwasa.fi\/ajatusyhteys\/wp-json\/wp\/v2\/categories?post=110"},{"taxonomy":"post_tag","embeddable":true,"href":"https:\/\/blogs.uwasa.fi\/ajatusyhteys\/wp-json\/wp\/v2\/tags?post=110"}],"curies":[{"name":"wp","href":"https:\/\/api.w.org\/{rel}","templated":true}]}}